{"id":64353,"date":"2020-08-06T15:53:21","date_gmt":"2020-08-06T18:53:21","guid":{"rendered":"https:\/\/tvtecjundiai.com.br\/news\/?p=64353"},"modified":"2020-08-06T16:03:55","modified_gmt":"2020-08-06T19:03:55","slug":"lojistas-apostam-nas-vendas-de-ultima-hora-para-o-dia-dos-pais","status":"publish","type":"post","link":"https:\/\/tvtecjundiai.com.br\/news\/2020\/08\/06\/lojistas-apostam-nas-vendas-de-ultima-hora-para-o-dia-dos-pais\/","title":{"rendered":"Lojistas apostam nas vendas de \u00faltima hora para o Dia dos Pais"},"content":{"rendered":"<p>A crise causada pelo Coronav\u00edrus impactou diferentes setores econ\u00f4micos e o com\u00e9rcio de rua foi um deles. Agora, com a reabertura das lojas no final de julho, \u00e0s v\u00e9speras do Dia dos Pais, comerciantes apostam nas vendas de \u00faltima hora para melhorar o caixa. \u201cEsta reabertura das lojas nos deu um novo \u00e2nimo. Nesta quarta o movimento come\u00e7ou a aumentar e foi o melhor dia desde a primeira retomada, no in\u00edcio de junho\u201d, afirma o empres\u00e1rio Andr\u00e9 Luiz Monroe.<\/p>\n<div id=\"attachment_64358\" style=\"width: 310px\" class=\"wp-caption alignright\"><a href=\"https:\/\/tvtecjundiai.com.br\/news\/wp-content\/uploads\/sites\/2\/2020\/08\/dji_0496.jpg\"><img loading=\"lazy\" decoding=\"async\" aria-describedby=\"caption-attachment-64358\" class=\"wp-image-64358 size-medium\" src=\"https:\/\/tvtecjundiai.com.br\/news\/wp-content\/uploads\/sites\/2\/2020\/08\/dji_0496-300x225.jpg\" alt=\"\" width=\"300\" height=\"225\" srcset=\"https:\/\/tvtecjundiai.com.br\/news\/wp-content\/uploads\/sites\/2\/2020\/08\/dji_0496-300x225.jpg 300w, https:\/\/tvtecjundiai.com.br\/news\/wp-content\/uploads\/sites\/2\/2020\/08\/dji_0496-1200x899.jpg 1200w, https:\/\/tvtecjundiai.com.br\/news\/wp-content\/uploads\/sites\/2\/2020\/08\/dji_0496-768x575.jpg 768w, https:\/\/tvtecjundiai.com.br\/news\/wp-content\/uploads\/sites\/2\/2020\/08\/dji_0496.jpg 1280w\" sizes=\"auto, (max-width: 300px) 100vw, 300px\" \/><\/a><p id=\"caption-attachment-64358\" class=\"wp-caption-text\">Com\u00e9rcio retomou as atividades na \u00faltima semana de julho em Jundia\u00ed<\/p><\/div>\n<p>Por conta do fechamento das lojas, varejistas perderam vendas f\u00edsicas de datas importantes como o Dia das M\u00e3es e dos Namorados. O que foi perdido, n\u00e3o h\u00e1 como recuperar. \u201cJ\u00e1 foi, agora o importante \u00e9 permanecermos abertos para amenizar o preju\u00edzo\u201d, fala o comerciante Dagoberto Dumalakas. Para concretizar as vendas de \u00faltima hora, o lojista vem apostando nas divulga\u00e7\u00f5es de produtos via WhatsApp e panfletos. Segundo Dagoberto, os n\u00fameros das vendas do Dia dos Pais deste ano est\u00e3o em torno de 30% abaixo em rela\u00e7\u00e3o ao mesmo per\u00edodo de 2019.<\/p>\n<p>O presidente da Associa\u00e7\u00e3o Comercial Empresarial (ACE) de Jundia\u00ed, Mark William Ormenese Monteiro, diz que o cen\u00e1rio ainda est\u00e1 muito incerto. Para alguns lojistas a expectativa para o Dia dos Pais \u00e9 de aumento de vendas, outros esperam queda de at\u00e9 40% em rela\u00e7\u00e3o ao ano passado. Mas diz que a data vai \u201cpuxar\u201d as vendas do varejo no m\u00eas de agosto. \u201c\u00c9 uma data com apelo emocional e pelo menos uma lembrancinha os filhos gostam de dar aos pais.\u201d<\/p>\n<p><strong>Vendas online<\/strong><\/p>\n<p>Se as vendas no com\u00e9rcio f\u00edsico devem ficar abaixo do esperado neste Dia dos Pais, as expectativas s\u00e3o bem mais positivas para o com\u00e9rcio online. Andr\u00e9 Monroe, que tamb\u00e9m j\u00e1 trabalha com o com\u00e9rcio online, confirma estar otimista. Ele estruturou seu site para trabalhar com e-commerce um pouco antes da pandemia e hoje registra n\u00fameros expressivos no com\u00e9rcio online. \u201cN\u00e3o deixei o f\u00edsico de lado, mas estou dedicando mais aten\u00e7\u00e3o ao online e as vendas s\u00f3 est\u00e3o crescendo.\u201d<\/p>\n<p><em>(Fonte: Assessoria de Imprensa ACE\/Imagem: Prefeitura de Jundia\u00ed)<\/em><\/p>\n","protected":false},"excerpt":{"rendered":"<p>Expectativas s\u00e3o positivas para o com\u00e9rcio online<\/p>\n","protected":false},"author":17,"featured_media":64358,"comment_status":"closed","ping_status":"closed","sticky":false,"template":"","format":"standard","meta":{"footnotes":""},"categories":[2829,1],"tags":[3381,588,346],"class_list":["post-64353","post","type-post","status-publish","format-standard","has-post-thumbnail","hentry","category-economia","category-noticias","tag-ace-jundiai","tag-comercio","tag-economia"],"_links":{"self":[{"href":"https:\/\/tvtecjundiai.com.br\/news\/wp-json\/wp\/v2\/posts\/64353","targetHints":{"allow":["GET"]}}],"collection":[{"href":"https:\/\/tvtecjundiai.com.br\/news\/wp-json\/wp\/v2\/posts"}],"about":[{"href":"https:\/\/tvtecjundiai.com.br\/news\/wp-json\/wp\/v2\/types\/post"}],"author":[{"embeddable":true,"href":"https:\/\/tvtecjundiai.com.br\/news\/wp-json\/wp\/v2\/users\/17"}],"replies":[{"embeddable":true,"href":"https:\/\/tvtecjundiai.com.br\/news\/wp-json\/wp\/v2\/comments?post=64353"}],"version-history":[{"count":2,"href":"https:\/\/tvtecjundiai.com.br\/news\/wp-json\/wp\/v2\/posts\/64353\/revisions"}],"predecessor-version":[{"id":64371,"href":"https:\/\/tvtecjundiai.com.br\/news\/wp-json\/wp\/v2\/posts\/64353\/revisions\/64371"}],"wp:featuredmedia":[{"embeddable":true,"href":"https:\/\/tvtecjundiai.com.br\/news\/wp-json\/wp\/v2\/media\/64358"}],"wp:attachment":[{"href":"https:\/\/tvtecjundiai.com.br\/news\/wp-json\/wp\/v2\/media?parent=64353"}],"wp:term":[{"taxonomy":"category","embeddable":true,"href":"https:\/\/tvtecjundiai.com.br\/news\/wp-json\/wp\/v2\/categories?post=64353"},{"taxonomy":"post_tag","embeddable":true,"href":"https:\/\/tvtecjundiai.com.br\/news\/wp-json\/wp\/v2\/tags?post=64353"}],"curies":[{"name":"wp","href":"https:\/\/api.w.org\/{rel}","templated":true}]}}