{"id":64385,"date":"2020-08-06T16:42:53","date_gmt":"2020-08-06T19:42:53","guid":{"rendered":"https:\/\/tvtecjundiai.com.br\/news\/?p=64385"},"modified":"2020-08-06T16:51:17","modified_gmt":"2020-08-06T19:51:17","slug":"voos-turisticos-ao-espaco-podem-comecar-em-2021","status":"publish","type":"post","link":"https:\/\/tvtecjundiai.com.br\/news\/2020\/08\/06\/voos-turisticos-ao-espaco-podem-comecar-em-2021\/","title":{"rendered":"Voos tur\u00edsticos ao espa\u00e7o podem come\u00e7ar em 2021"},"content":{"rendered":"<p>O retorno da Crew Dragon, no \u00faltimo fim de semana, e a conclus\u00e3o bem-sucedida da miss\u00e3o Demo-2 abre as portas para que a SpaceX inicie voos tur\u00edsticos, tanto orbitais quanto \u00e0 Esta\u00e7\u00e3o Espacial Internacional (ISS), j\u00e1 em 2021, como programado.<\/p>\n<div id=\"attachment_64387\" style=\"width: 332px\" class=\"wp-caption alignleft\"><a href=\"https:\/\/tvtecjundiai.com.br\/news\/wp-content\/uploads\/sites\/2\/2020\/08\/Crew-Dragon.jpg\"><img loading=\"lazy\" decoding=\"async\" aria-describedby=\"caption-attachment-64387\" class=\"wp-image-64387\" src=\"https:\/\/tvtecjundiai.com.br\/news\/wp-content\/uploads\/sites\/2\/2020\/08\/Crew-Dragon-300x191.jpg\" alt=\"\" width=\"322\" height=\"205\" srcset=\"https:\/\/tvtecjundiai.com.br\/news\/wp-content\/uploads\/sites\/2\/2020\/08\/Crew-Dragon-300x191.jpg 300w, https:\/\/tvtecjundiai.com.br\/news\/wp-content\/uploads\/sites\/2\/2020\/08\/Crew-Dragon-1200x764.jpg 1200w, https:\/\/tvtecjundiai.com.br\/news\/wp-content\/uploads\/sites\/2\/2020\/08\/Crew-Dragon-768x489.jpg 768w, https:\/\/tvtecjundiai.com.br\/news\/wp-content\/uploads\/sites\/2\/2020\/08\/Crew-Dragon-1536x978.jpg 1536w, https:\/\/tvtecjundiai.com.br\/news\/wp-content\/uploads\/sites\/2\/2020\/08\/Crew-Dragon.jpg 1697w\" sizes=\"auto, (max-width: 322px) 100vw, 322px\" \/><\/a><p id=\"caption-attachment-64387\" class=\"wp-caption-text\">Empresa tem acordos para levar turistas em voos orbitais, com dura\u00e7\u00e3o de at\u00e9 cinco dias, ou estadias de at\u00e9 10 dias \u00e0 bordo de esta\u00e7\u00e3o espacial<\/p><\/div>\n<p>Em fevereiro deste ano a SpaceX firmou um acordo com a Space Adventures para levar turistas ao espa\u00e7o a bordo da Crew Dragon. A c\u00e1psula ser\u00e1 lan\u00e7ada por um foguete Falcon 9, e os passageiros ficar\u00e3o orbitando a Terra por at\u00e9 cinco dias a uma altitude entre 800 e 1.200 km.<\/p>\n<p>&#8220;Esta miss\u00e3o hist\u00f3rica ir\u00e1 abrir o caminho para tornar o voo espacial poss\u00edvel para todos os que sonham com ele, e estamos felizes em trabalhar com a equipe da Space Adventures nessa miss\u00e3o&#8221;, disse Shotwell quando o acordo foi firmado. Os passageiros passar\u00e3o dois dias em tr\u00e2nsito entre a Terra e a ISS, e oito dias a bordo da esta\u00e7\u00e3o, compartilhando espa\u00e7o com os astronautas que trabalham l\u00e1. Cada passagem custar\u00e1 \u201capenas\u201d US$ 55 milh\u00f5es (cerca de R$ 256,5 milh\u00f5es) e um dos lugares j\u00e1 foi vendido.<\/p>\n<p><em>(Fonte: Olhar Digital. Imagem: Nasa)<\/em><\/p>\n","protected":false},"excerpt":{"rendered":"<p>Cada passagem custar\u00e1 \u201capenas\u201d US$ 55 milh\u00f5es<\/p>\n","protected":false},"author":17,"featured_media":64387,"comment_status":"closed","ping_status":"closed","sticky":false,"template":"","format":"standard","meta":{"footnotes":""},"categories":[7423,1,2835,2825,2824],"tags":[7705,332,7889],"class_list":["post-64385","post","type-post","status-publish","format-standard","has-post-thumbnail","hentry","category-astronomia","category-noticias","category-tecnologia","category-turismo","category-variedades","tag-espaco","tag-turismo","tag-viagem-espacial"],"_links":{"self":[{"href":"https:\/\/tvtecjundiai.com.br\/news\/wp-json\/wp\/v2\/posts\/64385","targetHints":{"allow":["GET"]}}],"collection":[{"href":"https:\/\/tvtecjundiai.com.br\/news\/wp-json\/wp\/v2\/posts"}],"about":[{"href":"https:\/\/tvtecjundiai.com.br\/news\/wp-json\/wp\/v2\/types\/post"}],"author":[{"embeddable":true,"href":"https:\/\/tvtecjundiai.com.br\/news\/wp-json\/wp\/v2\/users\/17"}],"replies":[{"embeddable":true,"href":"https:\/\/tvtecjundiai.com.br\/news\/wp-json\/wp\/v2\/comments?post=64385"}],"version-history":[{"count":2,"href":"https:\/\/tvtecjundiai.com.br\/news\/wp-json\/wp\/v2\/posts\/64385\/revisions"}],"predecessor-version":[{"id":64403,"href":"https:\/\/tvtecjundiai.com.br\/news\/wp-json\/wp\/v2\/posts\/64385\/revisions\/64403"}],"wp:featuredmedia":[{"embeddable":true,"href":"https:\/\/tvtecjundiai.com.br\/news\/wp-json\/wp\/v2\/media\/64387"}],"wp:attachment":[{"href":"https:\/\/tvtecjundiai.com.br\/news\/wp-json\/wp\/v2\/media?parent=64385"}],"wp:term":[{"taxonomy":"category","embeddable":true,"href":"https:\/\/tvtecjundiai.com.br\/news\/wp-json\/wp\/v2\/categories?post=64385"},{"taxonomy":"post_tag","embeddable":true,"href":"https:\/\/tvtecjundiai.com.br\/news\/wp-json\/wp\/v2\/tags?post=64385"}],"curies":[{"name":"wp","href":"https:\/\/api.w.org\/{rel}","templated":true}]}}