{"id":64425,"date":"2020-08-07T08:30:38","date_gmt":"2020-08-07T11:30:38","guid":{"rendered":"https:\/\/tvtecjundiai.com.br\/news\/?p=64425"},"modified":"2020-08-07T15:59:14","modified_gmt":"2020-08-07T18:59:14","slug":"confira-as-vagas-de-emprego-disponiveis-em-jundiai-nesta-segunda-10","status":"publish","type":"post","link":"https:\/\/tvtecjundiai.com.br\/news\/2020\/08\/07\/confira-as-vagas-de-emprego-disponiveis-em-jundiai-nesta-segunda-10\/","title":{"rendered":"Confira as vagas de emprego dispon\u00edveis em Jundia\u00ed nesta segunda (10)"},"content":{"rendered":"<p><strong>Curr\u00edculos devem ser cadastrados diretamente no site <a href=\"https:\/\/www.vagas.com.br\/\">Vagas.com<\/a><\/strong><\/p>\n<div id=\"attachment_64426\" style=\"width: 310px\" class=\"wp-caption alignright\"><a href=\"https:\/\/tvtecjundiai.com.br\/news\/wp-content\/uploads\/sites\/2\/2020\/08\/TAM_abre_vagas_de_emprego_em_Jundia\u00ed.jpeg\"><img loading=\"lazy\" decoding=\"async\" aria-describedby=\"caption-attachment-64426\" class=\"wp-image-64426 size-medium\" src=\"https:\/\/tvtecjundiai.com.br\/news\/wp-content\/uploads\/sites\/2\/2020\/08\/TAM_abre_vagas_de_emprego_em_Jundia\u00ed-300x173.jpeg\" alt=\"\" width=\"300\" height=\"173\" srcset=\"https:\/\/tvtecjundiai.com.br\/news\/wp-content\/uploads\/sites\/2\/2020\/08\/TAM_abre_vagas_de_emprego_em_Jundia\u00ed-300x173.jpeg 300w, https:\/\/tvtecjundiai.com.br\/news\/wp-content\/uploads\/sites\/2\/2020\/08\/TAM_abre_vagas_de_emprego_em_Jundia\u00ed-768x444.jpeg 768w, https:\/\/tvtecjundiai.com.br\/news\/wp-content\/uploads\/sites\/2\/2020\/08\/TAM_abre_vagas_de_emprego_em_Jundia\u00ed.jpeg 865w\" sizes=\"auto, (max-width: 300px) 100vw, 300px\" \/><\/a><p id=\"caption-attachment-64426\" class=\"wp-caption-text\">Tam &#8211; Avia\u00e7\u00e3o Executiva<\/p><\/div>\n<p class=\"job-shortdescription__title\"><a href=\"https:\/\/www.vagas.com.br\/vagas\/v2090143\/estagio-meio-ambiente\"><strong>Est\u00e1gio &#8211; Meio Ambiente &#8211; <\/strong><strong>Tam Avia\u00e7\u00e3o Executiva<\/strong><\/a><\/p>\n<p><strong>Requisitos:\u00a0<\/strong><\/p>\n<ul>\n<li>Cursando a partir do 2\u00b0 semestre do curso de Engenharia Ambiental ou \u00e1reas correlatas.<\/li>\n<\/ul>\n<p><strong>Conhecimentos:<\/strong><\/p>\n<ul>\n<li>Pacote Office (Excel, Outlook, PowerPoint, Word)<\/li>\n<\/ul>\n<p><strong>Atividades:<\/strong><\/p>\n<ul>\n<li>Suporte para controles internos de indicadores ambientais, participa\u00e7\u00e3o na elabora\u00e7\u00e3o de relat\u00f3rios e diagn\u00f3sticos ambientais, acompanhamento de projetos ou a\u00e7\u00f5es de melhoria cont\u00ednua<\/li>\n<li>Constru\u00e7\u00e3o de ferramentas para implementa\u00e7\u00e3o em programas<\/li>\n<li>Atividades de capacita\u00e7\u00e3o \/ treinamento em meio ambiente e desenvolvimento sustent\u00e1vel<\/li>\n<\/ul>\n<p><strong>Sal\u00e1rio:<\/strong>\u00a0Bolsa aux\u00edlio + benef\u00edcios.<\/p>\n<div id=\"attachment_38615\" style=\"width: 310px\" class=\"wp-caption alignright\"><a href=\"https:\/\/tvtecjundiai.com.br\/news\/wp-content\/uploads\/sites\/2\/2019\/09\/F\u00e1brica-da-FEMSA-em-Jundia\u00ed-2.jpg\"><img loading=\"lazy\" decoding=\"async\" aria-describedby=\"caption-attachment-38615\" class=\"wp-image-38615 size-medium\" src=\"https:\/\/tvtecjundiai.com.br\/news\/wp-content\/uploads\/sites\/2\/2019\/09\/F\u00e1brica-da-FEMSA-em-Jundia\u00ed-2-300x169.jpg\" alt=\"\" width=\"300\" height=\"169\" srcset=\"https:\/\/tvtecjundiai.com.br\/news\/wp-content\/uploads\/sites\/2\/2019\/09\/F\u00e1brica-da-FEMSA-em-Jundia\u00ed-2-300x169.jpg 300w, https:\/\/tvtecjundiai.com.br\/news\/wp-content\/uploads\/sites\/2\/2019\/09\/F\u00e1brica-da-FEMSA-em-Jundia\u00ed-2-768x432.jpg 768w, https:\/\/tvtecjundiai.com.br\/news\/wp-content\/uploads\/sites\/2\/2019\/09\/F\u00e1brica-da-FEMSA-em-Jundia\u00ed-2-1200x675.jpg 1200w, https:\/\/tvtecjundiai.com.br\/news\/wp-content\/uploads\/sites\/2\/2019\/09\/F\u00e1brica-da-FEMSA-em-Jundia\u00ed-2.jpg 1920w\" sizes=\"auto, (max-width: 300px) 100vw, 300px\" \/><\/a><p id=\"caption-attachment-38615\" class=\"wp-caption-text\">Coca-Cola FEMSA<\/p><\/div>\n<p class=\"job-shortdescription__title\"><a href=\"https:\/\/www.vagas.com.br\/vagas\/v2089960\/especialista-em-manufatura\"><strong>Especialista em Manufatura &#8211; Coca-Cola FEMSA<\/strong><\/a><\/p>\n<p><strong>Requisitos:\u00a0<\/strong><\/p>\n<ul>\n<li>Gradua\u00e7\u00e3o completa em Engenharia e ou afins<\/li>\n<li>Pacote Office intermedi\u00e1rio<\/li>\n<li>Ser\u00e1 considerado como diferencial p\u00f3s-gradua\u00e7\u00e3o e\/ou MBA na \u00e1rea<\/li>\n<li>Disponibilidade para trabalhar em turnos<\/li>\n<\/ul>\n<p><strong>Atividades:<\/strong><\/p>\n<ul>\n<li>Assegurar a execu\u00e7\u00e3o do programa central de manuten\u00e7\u00e3o, dos equipamentos de linhas de sua responsabilidade<\/li>\n<li>Executar revis\u00f5es e manuten\u00e7\u00f5es especializadas<\/li>\n<li>Coordenar a execu\u00e7\u00e3o das atividades t\u00e9cnicas realizadas pelos t\u00e9cnicos de manufatura e operadores<\/li>\n<li>Garantir a capacidade dos processos e equipamentos<\/li>\n<li>Desenvolver projetos de melhoria focada, a\u00e7\u00f5es preventivas, a\u00e7\u00f5es corretivas e de melhoria para resolver problemas sist\u00eamicos<\/li>\n<li>Apoiar a forma\u00e7\u00e3o t\u00e9cnica operacional do operadores e t\u00e9cnicos de manufatura, participando como instrutor interno de treinamentos de manuten\u00e7\u00e3o de equipamentos<\/li>\n<li>Certificar as compet\u00eancias t\u00e9cnicas operacionais dos operadores e t\u00e9cnicos de manufatura<\/li>\n<li>Analisar o desempenho das linhas com informa\u00e7\u00e3o de CEP (CP e CPK) e \u00edndices de processo<\/li>\n<li>Analisar a causa raiz para determinar a\u00e7\u00f5es corretivas e preventivas sobre os indicadores de resultados de seus processos<\/li>\n<li>Desenvolver a\u00e7\u00f5es para o aumento da efici\u00eancia de linha e redu\u00e7\u00e3o das perdas de insumos<\/li>\n<\/ul>\n<div id=\"attachment_64429\" style=\"width: 310px\" class=\"wp-caption alignright\"><a href=\"https:\/\/tvtecjundiai.com.br\/news\/wp-content\/uploads\/sites\/2\/2020\/08\/unnamed.jpg\"><img loading=\"lazy\" decoding=\"async\" aria-describedby=\"caption-attachment-64429\" class=\"wp-image-64429 size-medium\" src=\"https:\/\/tvtecjundiai.com.br\/news\/wp-content\/uploads\/sites\/2\/2020\/08\/unnamed-300x206.jpg\" alt=\"\" width=\"300\" height=\"206\" srcset=\"https:\/\/tvtecjundiai.com.br\/news\/wp-content\/uploads\/sites\/2\/2020\/08\/unnamed-300x206.jpg 300w, https:\/\/tvtecjundiai.com.br\/news\/wp-content\/uploads\/sites\/2\/2020\/08\/unnamed.jpg 512w\" sizes=\"auto, (max-width: 300px) 100vw, 300px\" \/><\/a><p id=\"caption-attachment-64429\" class=\"wp-caption-text\">Droga Raia<\/p><\/div>\n<p class=\"job-shortdescription__title\"><strong><a href=\"https:\/\/www.vagas.com.br\/vagas\/v2089846\/farmaceutico-a\">Farmac\u00eautico(a) &#8211; RD &#8211; Droga Raia &#8211; Drogasil<\/a><\/strong><\/p>\n<p><strong>Requisitos<\/strong>:<\/p>\n<ul>\n<li>Maior de 18 anos<\/li>\n<li>Ensino superior completo em Farm\u00e1cia<\/li>\n<\/ul>\n<p><strong>Escala de trabalho<\/strong>:\u00a0disponibilidade para trabalhar por escala (podendo trabalhar s\u00e1bados, domingos e feriados)<\/p>\n<p>Al\u00e9m dos benef\u00edcios listados a empresa oferece:<\/p>\n<ul>\n<li>Sal\u00e1rio compat\u00edvel com mercado<\/li>\n<li>Aux\u00edlio refei\u00e7\u00e3o ou alimenta\u00e7\u00e3o<\/li>\n<li>Plano de carreira<\/li>\n<\/ul>\n<div>\n<div class=\"job-hierarchylist\">\n<div id=\"attachment_36355\" style=\"width: 310px\" class=\"wp-caption alignright\"><a href=\"https:\/\/tvtecjundiai.com.br\/news\/wp-content\/uploads\/sites\/2\/2019\/08\/Duratex-tem-vagas-de-emprego-abertas-em-Jundia\u00ed-1.jpg\"><img loading=\"lazy\" decoding=\"async\" aria-describedby=\"caption-attachment-36355\" class=\"wp-image-36355 size-medium\" src=\"https:\/\/tvtecjundiai.com.br\/news\/wp-content\/uploads\/sites\/2\/2019\/08\/Duratex-tem-vagas-de-emprego-abertas-em-Jundia\u00ed-1-300x173.jpg\" alt=\"\" width=\"300\" height=\"173\" srcset=\"https:\/\/tvtecjundiai.com.br\/news\/wp-content\/uploads\/sites\/2\/2019\/08\/Duratex-tem-vagas-de-emprego-abertas-em-Jundia\u00ed-1-300x173.jpg 300w, https:\/\/tvtecjundiai.com.br\/news\/wp-content\/uploads\/sites\/2\/2019\/08\/Duratex-tem-vagas-de-emprego-abertas-em-Jundia\u00ed-1.jpg 692w\" sizes=\"auto, (max-width: 300px) 100vw, 300px\" \/><\/a><p id=\"caption-attachment-36355\" class=\"wp-caption-text\">Duratex<\/p><\/div>\n<p class=\"job-shortdescription__title\"><a href=\"https:\/\/www.vagas.com.br\/vagas\/v2089357\/assistente-administrativo\"><strong>Assistente Administrativo &#8211; Duratex<\/strong><\/a><\/p>\n<p><strong>Descri\u00e7\u00e3o das Responsabilidades:<\/strong><\/p>\n<ul>\n<li>Conduzir todos os processos de compra na \u00e1rea de P&amp;D Deca \/ Hydra<\/li>\n<li>Controle de custo da \u00e1rea de P&amp;D Deca \/ Hydra<\/li>\n<li>Respons\u00e1vel pelo controle de horas trabalhadas em projetos<\/li>\n<li>Respons\u00e1vel pela abertura, fechamento e rotina financeira dos projetos de engenharia<\/li>\n<li>Auxiliar nas rotinas log\u00edsticas de transfer\u00eancias de materiais que envolvem o P&amp;D<\/li>\n<li>Auxiliar no processo de reservas de passagens a\u00e9reas, hot\u00e9is e ve\u00edculos<\/li>\n<li>Auxiliar na rotina de Facilites<\/li>\n<\/ul>\n<p><strong>Pr\u00e9-Requisitos:<\/strong><\/p>\n<ul>\n<li>Pacote Office<\/li>\n<li>Desej\u00e1vel Conhecimento Sistema SAP<\/li>\n<li>Habilita\u00e7\u00e3o categoria B<\/li>\n<\/ul>\n<p><em>(Fonte: Vagas.com\/Foto: Reprodu\u00e7\u00e3o)<\/em><\/p>\n<\/div>\n<\/div>\n","protected":false},"excerpt":{"rendered":"<p>Curr\u00edculos devem ser cadastrados no site Vagas.com<\/p>\n","protected":false},"author":13,"featured_media":64426,"comment_status":"closed","ping_status":"closed","sticky":false,"template":"","format":"standard","meta":{"footnotes":""},"categories":[2834,2829,5038,1],"tags":[5,110],"class_list":["post-64425","post","type-post","status-publish","format-standard","has-post-thumbnail","hentry","category-cidades","category-economia","category-emprego","category-noticias","tag-jundiai","tag-vagas"],"_links":{"self":[{"href":"https:\/\/tvtecjundiai.com.br\/news\/wp-json\/wp\/v2\/posts\/64425","targetHints":{"allow":["GET"]}}],"collection":[{"href":"https:\/\/tvtecjundiai.com.br\/news\/wp-json\/wp\/v2\/posts"}],"about":[{"href":"https:\/\/tvtecjundiai.com.br\/news\/wp-json\/wp\/v2\/types\/post"}],"author":[{"embeddable":true,"href":"https:\/\/tvtecjundiai.com.br\/news\/wp-json\/wp\/v2\/users\/13"}],"replies":[{"embeddable":true,"href":"https:\/\/tvtecjundiai.com.br\/news\/wp-json\/wp\/v2\/comments?post=64425"}],"version-history":[{"count":7,"href":"https:\/\/tvtecjundiai.com.br\/news\/wp-json\/wp\/v2\/posts\/64425\/revisions"}],"predecessor-version":[{"id":64495,"href":"https:\/\/tvtecjundiai.com.br\/news\/wp-json\/wp\/v2\/posts\/64425\/revisions\/64495"}],"wp:featuredmedia":[{"embeddable":true,"href":"https:\/\/tvtecjundiai.com.br\/news\/wp-json\/wp\/v2\/media\/64426"}],"wp:attachment":[{"href":"https:\/\/tvtecjundiai.com.br\/news\/wp-json\/wp\/v2\/media?parent=64425"}],"wp:term":[{"taxonomy":"category","embeddable":true,"href":"https:\/\/tvtecjundiai.com.br\/news\/wp-json\/wp\/v2\/categories?post=64425"},{"taxonomy":"post_tag","embeddable":true,"href":"https:\/\/tvtecjundiai.com.br\/news\/wp-json\/wp\/v2\/tags?post=64425"}],"curies":[{"name":"wp","href":"https:\/\/api.w.org\/{rel}","templated":true}]}}