{"id":64477,"date":"2020-08-07T12:16:55","date_gmt":"2020-08-07T15:16:55","guid":{"rendered":"https:\/\/tvtecjundiai.com.br\/news\/?p=64477"},"modified":"2020-08-07T12:16:55","modified_gmt":"2020-08-07T15:16:55","slug":"protagonismo-das-mulheres-de-jundiai-e-tema-dentro-do-mes-do-patrimonio","status":"publish","type":"post","link":"https:\/\/tvtecjundiai.com.br\/news\/2020\/08\/07\/protagonismo-das-mulheres-de-jundiai-e-tema-dentro-do-mes-do-patrimonio\/","title":{"rendered":"Protagonismo das mulheres de Jundia\u00ed \u00e9 tema dentro do M\u00eas do Patrim\u00f4nio"},"content":{"rendered":"<p>Dentro da programa\u00e7\u00e3o do M\u00eas do Patrim\u00f4nio Hist\u00f3rico e Cultural 2020, ser\u00e1 realizada nesta segunda-feira (10), a partir das 19h, a palestra videoconfer\u00eancia \u201cA doa\u00e7\u00e3o de terras para mulheres no s\u00e9culo 17 em Jundia\u00ed.\u201d<\/p>\n<div id=\"attachment_64479\" style=\"width: 352px\" class=\"wp-caption alignleft\"><img loading=\"lazy\" decoding=\"async\" aria-describedby=\"caption-attachment-64479\" class=\" wp-image-64479\" src=\"https:\/\/tvtecjundiai.com.br\/news\/wp-content\/uploads\/sites\/2\/2020\/08\/Igreja-Matriz-300x179.jpg\" alt=\"\" width=\"342\" height=\"204\" srcset=\"https:\/\/tvtecjundiai.com.br\/news\/wp-content\/uploads\/sites\/2\/2020\/08\/Igreja-Matriz-300x179.jpg 300w, https:\/\/tvtecjundiai.com.br\/news\/wp-content\/uploads\/sites\/2\/2020\/08\/Igreja-Matriz.jpg 500w\" sizes=\"auto, (max-width: 342px) 100vw, 342px\" \/><p id=\"caption-attachment-64479\" class=\"wp-caption-text\">A palestra videoconfer\u00eancia tem como tema: \u201cA doa\u00e7\u00e3o de terras para mulheres no s\u00e9culo 17 em Jundia\u00ed.\u201d<\/p><\/div>\n<p>A convidada para abordar o protagonismo das mulheres na aquisi\u00e7\u00e3o e administra\u00e7\u00e3o de terras em Jundia\u00ed, em 1657, ser\u00e1 Kathlin Morais, doutoranda em Filologia pela FFLCH (USP), mestra na mesma \u00e1rea (USP) e especialista em conserva\u00e7\u00e3o e restauro (SENAI). O evento \u00e9 gratuito e voltado para maiores de 16 anos. Foram disponibilizadas 20 inscri\u00e7\u00f5es. A ideia \u00e9 proporcionar maior interatividade entre a palestrante e os inscritos.<\/p>\n<p>O M\u00eas do Patrim\u00f4nio Hist\u00f3rico e Cultural \u00e9 promovido, h\u00e1 tr\u00eas anos, pelo DPH da Unidade de Gest\u00e3o de Cultura (UGC). Neste ano, todas as atividades s\u00e3o online, por conta dos protocolos de enfrentamento da pandemia da COVID-19. A programa\u00e7\u00e3o completa pode ser conferida no <a href=\"https:\/\/cultura.jundiai.sp.gov.br\/mesdopatrimonio\/\">hotsite<\/a> do evento.<\/p>\n<p><em>(Fonte\/Imagem: Prefeitura de Jundia\u00ed)<\/em><\/p>\n","protected":false},"excerpt":{"rendered":"<p>\u201cA doa\u00e7\u00e3o de terras para mulheres no s\u00e9culo 17 em Jundia\u00ed.\u201d tem inscri\u00e7\u00f5es pr\u00e9vias<\/p>\n","protected":false},"author":17,"featured_media":64479,"comment_status":"closed","ping_status":"closed","sticky":false,"template":"","format":"standard","meta":{"footnotes":""},"categories":[2833,1,2824],"tags":[84,2465,5,7319,1498],"class_list":["post-64477","post","type-post","status-publish","format-standard","has-post-thumbnail","hentry","category-cultura","category-noticias","category-variedades","tag-cultura","tag-historia","tag-jundiai","tag-mes-do-patrimonio-2020","tag-mulheres"],"_links":{"self":[{"href":"https:\/\/tvtecjundiai.com.br\/news\/wp-json\/wp\/v2\/posts\/64477","targetHints":{"allow":["GET"]}}],"collection":[{"href":"https:\/\/tvtecjundiai.com.br\/news\/wp-json\/wp\/v2\/posts"}],"about":[{"href":"https:\/\/tvtecjundiai.com.br\/news\/wp-json\/wp\/v2\/types\/post"}],"author":[{"embeddable":true,"href":"https:\/\/tvtecjundiai.com.br\/news\/wp-json\/wp\/v2\/users\/17"}],"replies":[{"embeddable":true,"href":"https:\/\/tvtecjundiai.com.br\/news\/wp-json\/wp\/v2\/comments?post=64477"}],"version-history":[{"count":1,"href":"https:\/\/tvtecjundiai.com.br\/news\/wp-json\/wp\/v2\/posts\/64477\/revisions"}],"predecessor-version":[{"id":64482,"href":"https:\/\/tvtecjundiai.com.br\/news\/wp-json\/wp\/v2\/posts\/64477\/revisions\/64482"}],"wp:featuredmedia":[{"embeddable":true,"href":"https:\/\/tvtecjundiai.com.br\/news\/wp-json\/wp\/v2\/media\/64479"}],"wp:attachment":[{"href":"https:\/\/tvtecjundiai.com.br\/news\/wp-json\/wp\/v2\/media?parent=64477"}],"wp:term":[{"taxonomy":"category","embeddable":true,"href":"https:\/\/tvtecjundiai.com.br\/news\/wp-json\/wp\/v2\/categories?post=64477"},{"taxonomy":"post_tag","embeddable":true,"href":"https:\/\/tvtecjundiai.com.br\/news\/wp-json\/wp\/v2\/tags?post=64477"}],"curies":[{"name":"wp","href":"https:\/\/api.w.org\/{rel}","templated":true}]}}