{"id":6456,"date":"2018-02-16T08:35:07","date_gmt":"2018-02-16T10:35:07","guid":{"rendered":"https:\/\/tvtecjundiai.com.br\/news\/?p=6456"},"modified":"2018-02-16T08:35:07","modified_gmt":"2018-02-16T10:35:07","slug":"economia-pat-divulga-vagas-disponiveis-em-jundiai-e-regiao-16-2","status":"publish","type":"post","link":"https:\/\/tvtecjundiai.com.br\/news\/2018\/02\/16\/economia-pat-divulga-vagas-disponiveis-em-jundiai-e-regiao-16-2\/","title":{"rendered":"Economia: PAT divulga vagas dispon\u00edveis em Jundia\u00ed e regi\u00e3o (16)"},"content":{"rendered":"<p>Confira as vagas<\/p>\n<ul>\n<li><strong>Auxiliar de Mec\u00e2nico Diesel<\/strong>\u00a0(liberado em 14\/02\/2018) \u2013 6 meses de experi\u00eancia em CTPS; ensino fundamental completo; somente candidatos de Jundia\u00ed e V\u00e1rzea Paulista.<\/li>\n<li><strong>Auxiliar de Recep\u00e7\u00e3o<\/strong>\u00a0(liberado em 14\/02\/2018) \u2013 Vaga exclusiva PCD (Pessoas com Defici\u00eancia) 3 meses de experi\u00eancia n\u00e3o em CTPS; ensino m\u00e9dio completo; conhecimento em inform\u00e1tica; somente candidatos de Jundia\u00ed.<\/li>\n<li><strong>Coordenador de Seguran\u00e7a<\/strong>\u00a0(liberado em 14\/02\/2018) \u2013 6 meses de experi\u00eancia em CTPS; ensino superior completo; formado em Administra\u00e7\u00e3o de Empresas; com ve\u00edculo pr\u00f3prio; somente candidatos de Jundia\u00ed.<\/li>\n<li><strong>Mec\u00e2nico de Suspens\u00e3o<\/strong>\u00a0(liberado em 14\/02\/2018) \u2013 6 meses de experi\u00eancia em CTPS; ensino fundamental completo; somente candidatos de Jundia\u00ed e V\u00e1rzea Paulista.<\/li>\n<li><strong>Promotor de Vendas<\/strong>\u00a0(liberado em 09\/02\/2018) \u2013 6 meses de experiencia em CTPS; ensino m\u00e9dio completo; trabalhar com produtos de beleza; somente candidatos de Jundia\u00ed.<\/li>\n<li><strong>Promotor de Vendas<\/strong>\u00a0(liberado em 14\/02\/2018) \u2013 Vaga exclusiva PCD (Pessoas com Defici\u00eancia); ensino m\u00e9dio completo; somente candidatos de Jundia\u00ed.<\/li>\n<li><strong>Repositor de Mercadoria<\/strong>\u00a0(liberado em 14\/02\/2018) \u2013 Vaga exclusiva PCD (Pessoas com defici\u00eancia) 3 meses de experi\u00eancia n\u00e3o em CTPS; ensino m\u00e9dio completo; somente candidatos de Jundia\u00ed.<\/li>\n<li><strong>T\u00e9cnico em Administra\u00e7\u00e3o<\/strong>\u00a0(liberado em 14\/02\/2018) \u2013 Vaga exclusiva PCD (Pessoas com defici\u00eancia) 3 meses de experi\u00eancia n\u00e3o em CTPS; ensino m\u00e9dio completo; somente candidatos de Jundia\u00ed.<\/li>\n<li><strong>Vendedor Interno<\/strong>\u00a0(liberado em 15\/02\/2018) \u2013 6 meses de experiencia em CTPS; ensino m\u00e9dio completo; experi\u00eancia em vendas de sapatos; somente candidatos de Jundia\u00ed e V\u00e1rzea Paulista.<\/li>\n<li><strong>Vendedor porta a porta<\/strong>\u00a0(liberado em 08\/02\/2018) \u2013 3 meses de experi\u00eancia n\u00e3o em CTPS, ensino m\u00e9dio completo, possuir condu\u00e7\u00e3o pr\u00f3pria, somente candidatos de Jundia\u00ed, V\u00e1rzea Pta e Campo Limpo Pta; Itupeva e Cabre\u00fava.<\/li>\n<li><strong>Vendedor Pracista<\/strong>\u00a0(liberado em 14\/02\/2018) \u2013 Vaga exclusiva PCD (Pessoas com Defici\u00eancia) &#8211; 3 meses de experiencia n\u00e3o em CTPS; ensino m\u00e9dio; somente candidatos de Jundia\u00ed.<\/li>\n<\/ul>\n<p>Os interessados devem comparecer \u00e0 rua Zacarias de Goes, 530 \u2013 Centro. O atendimento do PAT Jundia\u00ed \u00e9 feito de segunda a sexta-feira, das 8 \u00e0s 16h30 horas. \u00c9 necess\u00e1rio levar RG, CPF, carteira de trabalho, PIS ou cart\u00e3o do cidad\u00e3o.<\/p>\n","protected":false},"excerpt":{"rendered":"<p>Pode haver altera\u00e7\u00e3o no quadro de disponibilidade durante a semana<\/p>\n","protected":false},"author":11,"featured_media":5029,"comment_status":"closed","ping_status":"closed","sticky":false,"template":"","format":"standard","meta":{"footnotes":""},"categories":[29,1],"tags":[286,37,39,253,185,43],"class_list":["post-6456","post","type-post","status-publish","format-standard","has-post-thumbnail","hentry","category-destaque","category-noticias","tag-carteira-de-trabalho","tag-emprego","tag-pat","tag-pat-de-jundiai","tag-trabalho","tag-vagas-de-emprego"],"_links":{"self":[{"href":"https:\/\/tvtecjundiai.com.br\/news\/wp-json\/wp\/v2\/posts\/6456","targetHints":{"allow":["GET"]}}],"collection":[{"href":"https:\/\/tvtecjundiai.com.br\/news\/wp-json\/wp\/v2\/posts"}],"about":[{"href":"https:\/\/tvtecjundiai.com.br\/news\/wp-json\/wp\/v2\/types\/post"}],"author":[{"embeddable":true,"href":"https:\/\/tvtecjundiai.com.br\/news\/wp-json\/wp\/v2\/users\/11"}],"replies":[{"embeddable":true,"href":"https:\/\/tvtecjundiai.com.br\/news\/wp-json\/wp\/v2\/comments?post=6456"}],"version-history":[{"count":1,"href":"https:\/\/tvtecjundiai.com.br\/news\/wp-json\/wp\/v2\/posts\/6456\/revisions"}],"predecessor-version":[{"id":6457,"href":"https:\/\/tvtecjundiai.com.br\/news\/wp-json\/wp\/v2\/posts\/6456\/revisions\/6457"}],"wp:featuredmedia":[{"embeddable":true,"href":"https:\/\/tvtecjundiai.com.br\/news\/wp-json\/wp\/v2\/media\/5029"}],"wp:attachment":[{"href":"https:\/\/tvtecjundiai.com.br\/news\/wp-json\/wp\/v2\/media?parent=6456"}],"wp:term":[{"taxonomy":"category","embeddable":true,"href":"https:\/\/tvtecjundiai.com.br\/news\/wp-json\/wp\/v2\/categories?post=6456"},{"taxonomy":"post_tag","embeddable":true,"href":"https:\/\/tvtecjundiai.com.br\/news\/wp-json\/wp\/v2\/tags?post=6456"}],"curies":[{"name":"wp","href":"https:\/\/api.w.org\/{rel}","templated":true}]}}