{"id":64585,"date":"2020-08-07T15:57:53","date_gmt":"2020-08-07T18:57:53","guid":{"rendered":"https:\/\/tvtecjundiai.com.br\/news\/?p=64585"},"modified":"2020-08-07T16:48:19","modified_gmt":"2020-08-07T19:48:19","slug":"paciente-curado-da-covid-19-homenageia-equipe-do-hsv","status":"publish","type":"post","link":"https:\/\/tvtecjundiai.com.br\/news\/2020\/08\/07\/paciente-curado-da-covid-19-homenageia-equipe-do-hsv\/","title":{"rendered":"Paciente curado da Covid-19 homenageia equipe do HSV"},"content":{"rendered":"<p>A cada dia os profissionais do Hospital de Caridade S\u00e3o Vicente de Paulo (HSV), refer\u00eancia para atendimento Covid-19 em Jundia\u00ed e regi\u00e3o, recebem motiva\u00e7\u00e3o e apoio de toda a comunidade para seguirem firmes na linha de frente. Nesta semana, o paciente Luiz Carlos agradeceu a equipe com muita do\u00e7ura: um bolo de chocolate especialmente feito para todos que se dedicaram \u00e0 sua recupera\u00e7\u00e3o durante os 21 dias de interna\u00e7\u00e3o.<\/p>\n<div id=\"attachment_64589\" style=\"width: 320px\" class=\"wp-caption alignleft\"><a href=\"https:\/\/tvtecjundiai.com.br\/news\/wp-content\/uploads\/sites\/2\/2020\/08\/WhatsApp-Image-2020-08-07-at-15.55.37.jpeg\"><img loading=\"lazy\" decoding=\"async\" aria-describedby=\"caption-attachment-64589\" class=\"wp-image-64589 \" src=\"https:\/\/tvtecjundiai.com.br\/news\/wp-content\/uploads\/sites\/2\/2020\/08\/WhatsApp-Image-2020-08-07-at-15.55.37-300x219.jpeg\" alt=\"\" width=\"310\" height=\"226\" srcset=\"https:\/\/tvtecjundiai.com.br\/news\/wp-content\/uploads\/sites\/2\/2020\/08\/WhatsApp-Image-2020-08-07-at-15.55.37-300x219.jpeg 300w, https:\/\/tvtecjundiai.com.br\/news\/wp-content\/uploads\/sites\/2\/2020\/08\/WhatsApp-Image-2020-08-07-at-15.55.37-768x560.jpeg 768w, https:\/\/tvtecjundiai.com.br\/news\/wp-content\/uploads\/sites\/2\/2020\/08\/WhatsApp-Image-2020-08-07-at-15.55.37.jpeg 924w\" sizes=\"auto, (max-width: 310px) 100vw, 310px\" \/><\/a><p id=\"caption-attachment-64589\" class=\"wp-caption-text\">Bolo veio com mensagem para equipe: \u201cDeus aben\u00e7oe a todos! Gratid\u00e3o eterna\u201d.<\/p><\/div>\n<p>A homenagem veio acompanhada de uma cartinha de agradecimento, assinada pelo paciente e seus familiares. \u201cCom muito orgulho e gratid\u00e3o eterna, venho aqui agradecer de cora\u00e7\u00e3o, todo o cuidado que voc\u00eas tiveram comigo e com todos que est\u00e3o hospitalizados\u201d, diz trecho da carta. O agradecimento se estende a todos e o paciente enumera suas raz\u00f5es: \u201cpela dedica\u00e7\u00e3o e profissionalismo de todos voc\u00eas: equipe m\u00e9dica, enfermagem, auxiliares, fisioterapeutas, psic\u00f3logas e equipe de limpeza. Pelas palavras de conforto, incentivo e apoio a minha fam\u00edlia\u201d.<\/p>\n<p>\u201cReceber esse carinho nos deixa muito feliz e nos faz acreditar, que estamos cumprindo nossa miss\u00e3o com amor e no caminho certo. Nos incentiva a continuar\u201d, agradece a enfermeira Concei\u00e7\u00e3o Ara\u00fajo.<\/p>\n<p><em>(Fonte\/Imagem: Assessoria de Imprensa &#8211; HSV)<\/em><\/p>\n","protected":false},"excerpt":{"rendered":"<p>Bolo foi enviado com mensagem: \u201cDeus aben\u00e7oe a todos! Gratid\u00e3o eterna\u201d<\/p>\n","protected":false},"author":17,"featured_media":64589,"comment_status":"closed","ping_status":"closed","sticky":false,"template":"","format":"standard","meta":{"footnotes":""},"categories":[1,2839],"tags":[7775,7902,6512,7903,3689],"class_list":["post-64585","post","type-post","status-publish","format-standard","has-post-thumbnail","hentry","category-noticias","category-saude","tag-agradecimento","tag-bolo","tag-covid-19","tag-curado","tag-hospital-sao-vicente-de-paulo"],"_links":{"self":[{"href":"https:\/\/tvtecjundiai.com.br\/news\/wp-json\/wp\/v2\/posts\/64585","targetHints":{"allow":["GET"]}}],"collection":[{"href":"https:\/\/tvtecjundiai.com.br\/news\/wp-json\/wp\/v2\/posts"}],"about":[{"href":"https:\/\/tvtecjundiai.com.br\/news\/wp-json\/wp\/v2\/types\/post"}],"author":[{"embeddable":true,"href":"https:\/\/tvtecjundiai.com.br\/news\/wp-json\/wp\/v2\/users\/17"}],"replies":[{"embeddable":true,"href":"https:\/\/tvtecjundiai.com.br\/news\/wp-json\/wp\/v2\/comments?post=64585"}],"version-history":[{"count":3,"href":"https:\/\/tvtecjundiai.com.br\/news\/wp-json\/wp\/v2\/posts\/64585\/revisions"}],"predecessor-version":[{"id":64600,"href":"https:\/\/tvtecjundiai.com.br\/news\/wp-json\/wp\/v2\/posts\/64585\/revisions\/64600"}],"wp:featuredmedia":[{"embeddable":true,"href":"https:\/\/tvtecjundiai.com.br\/news\/wp-json\/wp\/v2\/media\/64589"}],"wp:attachment":[{"href":"https:\/\/tvtecjundiai.com.br\/news\/wp-json\/wp\/v2\/media?parent=64585"}],"wp:term":[{"taxonomy":"category","embeddable":true,"href":"https:\/\/tvtecjundiai.com.br\/news\/wp-json\/wp\/v2\/categories?post=64585"},{"taxonomy":"post_tag","embeddable":true,"href":"https:\/\/tvtecjundiai.com.br\/news\/wp-json\/wp\/v2\/tags?post=64585"}],"curies":[{"name":"wp","href":"https:\/\/api.w.org\/{rel}","templated":true}]}}