{"id":64792,"date":"2020-08-10T15:30:28","date_gmt":"2020-08-10T18:30:28","guid":{"rendered":"https:\/\/tvtecjundiai.com.br\/news\/?p=64792"},"modified":"2020-08-10T18:41:59","modified_gmt":"2020-08-10T21:41:59","slug":"jundiai-recebe-3o-festival-vegano-do-bem","status":"publish","type":"post","link":"https:\/\/tvtecjundiai.com.br\/news\/2020\/08\/10\/jundiai-recebe-3o-festival-vegano-do-bem\/","title":{"rendered":"Jundia\u00ed recebe 3\u00ba Festival Vegano do Bem"},"content":{"rendered":"<div id=\"attachment_64797\" style=\"width: 411px\" class=\"wp-caption alignright\"><a href=\"https:\/\/tvtecjundiai.com.br\/news\/wp-content\/uploads\/sites\/2\/2020\/08\/vegetarianismo_saude.jpg\"><img loading=\"lazy\" decoding=\"async\" aria-describedby=\"caption-attachment-64797\" class=\"wp-image-64797\" src=\"https:\/\/tvtecjundiai.com.br\/news\/wp-content\/uploads\/sites\/2\/2020\/08\/vegetarianismo_saude-300x216.jpg\" alt=\"\" width=\"401\" height=\"289\" srcset=\"https:\/\/tvtecjundiai.com.br\/news\/wp-content\/uploads\/sites\/2\/2020\/08\/vegetarianismo_saude-300x216.jpg 300w, https:\/\/tvtecjundiai.com.br\/news\/wp-content\/uploads\/sites\/2\/2020\/08\/vegetarianismo_saude.jpg 710w\" sizes=\"auto, (max-width: 401px) 100vw, 401px\" \/><\/a><p id=\"caption-attachment-64797\" class=\"wp-caption-text\">A terceira edi\u00e7\u00e3o do festival ser\u00e1 online\u00a0<\/p><\/div>\n<p>Jundia\u00ed recebe o 3\u00ba Festival Vegano do Bem de 13 a 16 de agosto, um evento online que reunir\u00e1 mais de 20 expositores veganos de diversos setores, em um grupo no WhatsApp.<\/p>\n<p>Moda, decora\u00e7\u00e3o, bolsas t\u00e9rmicas, maxi crochet, costura criativa, bonecas em tecido, cadernos artesanais, cosm\u00e9ticos naturais, velas arom\u00e1ticas, produtos para yoga, mandalas, brincos, colares e pulseiras em massa cer\u00e2mica s\u00e3o algumas das op\u00e7\u00f5es de compra, al\u00e9m da parte dedicada \u00e0 alimenta\u00e7\u00e3o com pizzas e chocolate veganos, por exemplo.<\/p>\n<p>Os interessados em outras informa\u00e7\u00f5es podem acessar as <a href=\"https:\/\/www.facebook.com\/festivalveganodobem\/\">redes sociais<\/a> do Festival Vegano do Bem.<\/p>\n<p><strong>Servi\u00e7o:<\/strong><\/p>\n<p>3\u00b0 Festival Vegano do Bem<br \/>\nData: 13 a 16\/08<br \/>\nLink via WhatsApp (<a href=\"https:\/\/chat.whatsapp.com\/Ejbg2TcsoA3KNVbqFOuB9k\">clique aqui para acessar<\/a>)<\/p>\n<div><em>(Fonte\/Foto: Divulga\u00e7\u00e3o)<\/em><\/div>\n","protected":false},"excerpt":{"rendered":"<p>Evento ser\u00e1 realizado de 13 a 16 de agosto, via link de grupo no WhatsApp<\/p>\n","protected":false},"author":13,"featured_media":64797,"comment_status":"closed","ping_status":"closed","sticky":false,"template":"","format":"standard","meta":{"footnotes":""},"categories":[2834,1],"tags":[6362,5],"class_list":["post-64792","post","type-post","status-publish","format-standard","has-post-thumbnail","hentry","category-cidades","category-noticias","tag-festival-vegano","tag-jundiai"],"_links":{"self":[{"href":"https:\/\/tvtecjundiai.com.br\/news\/wp-json\/wp\/v2\/posts\/64792","targetHints":{"allow":["GET"]}}],"collection":[{"href":"https:\/\/tvtecjundiai.com.br\/news\/wp-json\/wp\/v2\/posts"}],"about":[{"href":"https:\/\/tvtecjundiai.com.br\/news\/wp-json\/wp\/v2\/types\/post"}],"author":[{"embeddable":true,"href":"https:\/\/tvtecjundiai.com.br\/news\/wp-json\/wp\/v2\/users\/13"}],"replies":[{"embeddable":true,"href":"https:\/\/tvtecjundiai.com.br\/news\/wp-json\/wp\/v2\/comments?post=64792"}],"version-history":[{"count":4,"href":"https:\/\/tvtecjundiai.com.br\/news\/wp-json\/wp\/v2\/posts\/64792\/revisions"}],"predecessor-version":[{"id":64825,"href":"https:\/\/tvtecjundiai.com.br\/news\/wp-json\/wp\/v2\/posts\/64792\/revisions\/64825"}],"wp:featuredmedia":[{"embeddable":true,"href":"https:\/\/tvtecjundiai.com.br\/news\/wp-json\/wp\/v2\/media\/64797"}],"wp:attachment":[{"href":"https:\/\/tvtecjundiai.com.br\/news\/wp-json\/wp\/v2\/media?parent=64792"}],"wp:term":[{"taxonomy":"category","embeddable":true,"href":"https:\/\/tvtecjundiai.com.br\/news\/wp-json\/wp\/v2\/categories?post=64792"},{"taxonomy":"post_tag","embeddable":true,"href":"https:\/\/tvtecjundiai.com.br\/news\/wp-json\/wp\/v2\/tags?post=64792"}],"curies":[{"name":"wp","href":"https:\/\/api.w.org\/{rel}","templated":true}]}}