{"id":6490,"date":"2018-02-16T15:41:09","date_gmt":"2018-02-16T17:41:09","guid":{"rendered":"https:\/\/tvtecjundiai.com.br\/news\/?p=6490"},"modified":"2018-02-16T15:41:44","modified_gmt":"2018-02-16T17:41:44","slug":"cidades-saida-da-anhanguera-na-regiao-da-rua-do-retiro-sera-fechada","status":"publish","type":"post","link":"https:\/\/tvtecjundiai.com.br\/news\/2018\/02\/16\/cidades-saida-da-anhanguera-na-regiao-da-rua-do-retiro-sera-fechada\/","title":{"rendered":"Cidades: sa\u00edda da Anhanguera na regi\u00e3o da rua do Retiro ser\u00e1 fechada"},"content":{"rendered":"<div id=\"attachment_6493\" style=\"width: 410px\" class=\"wp-caption alignright\"><a href=\"https:\/\/tvtecjundiai.com.br\/news\/wp-content\/uploads\/sites\/2\/2018\/02\/4590803184_6d7cc7b27d_b.jpg\"><img loading=\"lazy\" decoding=\"async\" aria-describedby=\"caption-attachment-6493\" class=\"wp-image-6493\" src=\"https:\/\/tvtecjundiai.com.br\/news\/wp-content\/uploads\/sites\/2\/2018\/02\/4590803184_6d7cc7b27d_b-300x225.jpg\" alt=\"\" width=\"400\" height=\"300\" srcset=\"https:\/\/tvtecjundiai.com.br\/news\/wp-content\/uploads\/sites\/2\/2018\/02\/4590803184_6d7cc7b27d_b-300x225.jpg 300w, https:\/\/tvtecjundiai.com.br\/news\/wp-content\/uploads\/sites\/2\/2018\/02\/4590803184_6d7cc7b27d_b-768x576.jpg 768w, https:\/\/tvtecjundiai.com.br\/news\/wp-content\/uploads\/sites\/2\/2018\/02\/4590803184_6d7cc7b27d_b.jpg 1024w\" sizes=\"auto, (max-width: 400px) 100vw, 400px\" \/><\/a><p id=\"caption-attachment-6493\" class=\"wp-caption-text\">Acesso \u00e0 marginal dever\u00e1 ser feito na sa\u00edda 57, logo depois da rodovi\u00e1ria de Jundia\u00ed. Usu\u00e1rios devem ficar atentos \u00e0 sinaliza\u00e7\u00e3o<\/p><\/div>\n<p style=\"font-weight: 400;\">Em virtude das obras do Complexo Vi\u00e1rio de Jundia\u00ed, a al\u00e7a de acesso da pista principal norte \u2013 sentido interior &#8211; da\u00a0<a href=\"https:\/\/maps.google.com\/?q=Via+Anhanguera+(SP-330&amp;entry=gmail&amp;source=g\" data-saferedirecturl=\"https:\/\/www.google.com\/url?hl=pt-BR&amp;q=https:\/\/maps.google.com\/?q%3DVia%2BAnhanguera%2B(SP-330%26entry%3Dgmail%26source%3Dg&amp;source=gmail&amp;ust=1518888724569000&amp;usg=AFQjCNEB5YSJOhtqDRBH9I346DFQ7lZRrQ\">Via Anhanguera (SP-330<\/a>) para a pista marginal, no quil\u00f4metro 59+800, ser\u00e1 fechada definitivamente a partir de segunda-feira, 19 de fevereiro. A medida \u00e9 necess\u00e1ria em fun\u00e7\u00e3o da implanta\u00e7\u00e3o de sentido \u00fanico \u2013 apenas interior \u2013 na pista marginal.<\/p>\n<p style=\"font-weight: 400;\">Com a altera\u00e7\u00e3o, o acesso para acessar a rua do Retiro, Faculdade Anhanguera, sede da CCR AutoBAn e concession\u00e1rias de ve\u00edculos, o usu\u00e1rio dever\u00e1 utilizar a pista marginal, a partir da sa\u00edda\u00a0<a href=\"https:\/\/maps.google.com\/?q=57+da+Via+Anhanguera&amp;entry=gmail&amp;source=g\" data-saferedirecturl=\"https:\/\/www.google.com\/url?hl=pt-BR&amp;q=https:\/\/maps.google.com\/?q%3D57%2Bda%2BVia%2BAnhanguera%26entry%3Dgmail%26source%3Dg&amp;source=gmail&amp;ust=1518888724570000&amp;usg=AFQjCNF6EX8n4SsEf8IMMm2Ei6SmLXWzoQ\">57 da Via Anhanguera<\/a>.<\/p>\n<p style=\"font-weight: 400;\">No pr\u00f3ximo final de semana, como parte das obras de continuidade da pista marginal, o acesso da avenida Jundia\u00ed para a pista norte \u2013 sentido interior \u2013 da Via Anhanguera ser\u00e1 interditado das 22 horas de sexta-feira, 16, at\u00e9 \u00e0s 5 horas de segunda-feira, 19.<\/p>\n<p style=\"font-weight: 400;\">Neste per\u00edodo, como alternativa, para acessar a Via Anhanguera partir da avenida Jundia\u00ed, o usu\u00e1rio deve virar \u00e0 direita na Senador C\u00e9sar L. de Vergueiro, virar \u00e0 esquerda na rua Bar\u00e3o de Teff\u00e9, acessar a marginal da Via Anhanguera e a principal na altura do quil\u00f4metro 61.<\/p>\n<p style=\"font-weight: 400;\">Tamb\u00e9m a partir de segunda-feira, 19, o encaixe da al\u00e7a de acesso da avenida Jundia\u00ed para pista norte da Via Anhanguera passar\u00e1 ser realizado pela pista marginal.<\/p>\n<p><em>(Fonte: Assessoria de Imprensa CCR AutoBAn)<\/em><\/p>\n","protected":false},"excerpt":{"rendered":"<p>Acesso \u00e0 marginal dever\u00e1 ser feito na sa\u00edda 57, depois da rodovi\u00e1ria de Jundia\u00ed<\/p>\n","protected":false},"author":10,"featured_media":6493,"comment_status":"closed","ping_status":"closed","sticky":false,"template":"","format":"standard","meta":{"footnotes":""},"categories":[29,1],"tags":[2229,166,5,2279,15],"class_list":["post-6490","post","type-post","status-publish","format-standard","has-post-thumbnail","hentry","category-destaque","category-noticias","tag-anhanguera","tag-ccr-autoban","tag-jundiai","tag-sp-330","tag-tvtec"],"_links":{"self":[{"href":"https:\/\/tvtecjundiai.com.br\/news\/wp-json\/wp\/v2\/posts\/6490","targetHints":{"allow":["GET"]}}],"collection":[{"href":"https:\/\/tvtecjundiai.com.br\/news\/wp-json\/wp\/v2\/posts"}],"about":[{"href":"https:\/\/tvtecjundiai.com.br\/news\/wp-json\/wp\/v2\/types\/post"}],"author":[{"embeddable":true,"href":"https:\/\/tvtecjundiai.com.br\/news\/wp-json\/wp\/v2\/users\/10"}],"replies":[{"embeddable":true,"href":"https:\/\/tvtecjundiai.com.br\/news\/wp-json\/wp\/v2\/comments?post=6490"}],"version-history":[{"count":5,"href":"https:\/\/tvtecjundiai.com.br\/news\/wp-json\/wp\/v2\/posts\/6490\/revisions"}],"predecessor-version":[{"id":6497,"href":"https:\/\/tvtecjundiai.com.br\/news\/wp-json\/wp\/v2\/posts\/6490\/revisions\/6497"}],"wp:featuredmedia":[{"embeddable":true,"href":"https:\/\/tvtecjundiai.com.br\/news\/wp-json\/wp\/v2\/media\/6493"}],"wp:attachment":[{"href":"https:\/\/tvtecjundiai.com.br\/news\/wp-json\/wp\/v2\/media?parent=6490"}],"wp:term":[{"taxonomy":"category","embeddable":true,"href":"https:\/\/tvtecjundiai.com.br\/news\/wp-json\/wp\/v2\/categories?post=6490"},{"taxonomy":"post_tag","embeddable":true,"href":"https:\/\/tvtecjundiai.com.br\/news\/wp-json\/wp\/v2\/tags?post=6490"}],"curies":[{"name":"wp","href":"https:\/\/api.w.org\/{rel}","templated":true}]}}