{"id":64920,"date":"2020-08-11T16:01:11","date_gmt":"2020-08-11T19:01:11","guid":{"rendered":"https:\/\/tvtecjundiai.com.br\/news\/?p=64920"},"modified":"2020-08-11T17:26:22","modified_gmt":"2020-08-11T20:26:22","slug":"clima-continua-seco-em-jundiai-nesta-quarta-feira-12","status":"publish","type":"post","link":"https:\/\/tvtecjundiai.com.br\/news\/2020\/08\/11\/clima-continua-seco-em-jundiai-nesta-quarta-feira-12\/","title":{"rendered":"Clima continua seco em Jundia\u00ed nesta quarta-feira (12)"},"content":{"rendered":"<div id=\"attachment_64923\" style=\"width: 360px\" class=\"wp-caption alignleft\"><a href=\"https:\/\/tvtecjundiai.com.br\/news\/wp-content\/uploads\/sites\/2\/2020\/08\/CLIMAAAAAAAAAAAAAAAAAAAAAAAAAAAA-e1597168956959.png\"><img loading=\"lazy\" decoding=\"async\" aria-describedby=\"caption-attachment-64923\" class=\"wp-image-64923\" src=\"https:\/\/tvtecjundiai.com.br\/news\/wp-content\/uploads\/sites\/2\/2020\/08\/CLIMAAAAAAAAAAAAAAAAAAAAAAAAAAAA-e1597168956959-300x174.png\" alt=\"\" width=\"350\" height=\"203\" srcset=\"https:\/\/tvtecjundiai.com.br\/news\/wp-content\/uploads\/sites\/2\/2020\/08\/CLIMAAAAAAAAAAAAAAAAAAAAAAAAAAAA-e1597168956959-300x174.png 300w, https:\/\/tvtecjundiai.com.br\/news\/wp-content\/uploads\/sites\/2\/2020\/08\/CLIMAAAAAAAAAAAAAAAAAAAAAAAAAAAA-e1597168956959-768x445.png 768w, https:\/\/tvtecjundiai.com.br\/news\/wp-content\/uploads\/sites\/2\/2020\/08\/CLIMAAAAAAAAAAAAAAAAAAAAAAAAAAAA-e1597168956959.png 821w\" sizes=\"auto, (max-width: 350px) 100vw, 350px\" \/><\/a><p id=\"caption-attachment-64923\" class=\"wp-caption-text\">Umidade do ar deve chegar a 26% amanh\u00e3<\/p><\/div>\n<p>A quarta-feira (12) em Jundia\u00ed deve repetir as condi\u00e7\u00f5es clim\u00e1ticas da ter\u00e7a (11), de acordo com a previs\u00e3o estendida do Climatempo. A cidade deve ter m\u00ednima de 14\u00baC, m\u00e1xima de 29\u00baC e n\u00e3o chove.<\/p>\n<p>Mais uma vez, os \u00edndices de Umidade Relativa do Ar (URA) podem cair e \u00e9 necess\u00e1rio redobrar a aten\u00e7\u00e3o por conta do tempo extremamente seco.<\/p>\n<p>A umidade do ar em Jundia\u00ed deve ficar entre a m\u00e1xima de 67% e m\u00ednima de 26%, n\u00edvel que j\u00e1 \u00e9 considerado estado de aten\u00e7\u00e3o.<\/p>\n<p><em>(Fonte: Climatempo\/Imagem: Nair Yagui)<\/em><\/p>\n","protected":false},"excerpt":{"rendered":"<p>N\u00e3o h\u00e1 previs\u00e3o de chuva para a cidade ao longo da semana<\/p>\n","protected":false},"author":10,"featured_media":64923,"comment_status":"closed","ping_status":"closed","sticky":false,"template":"","format":"standard","meta":{"footnotes":""},"categories":[2834,3185,29,1],"tags":[3190,4970],"class_list":["post-64920","post","type-post","status-publish","format-standard","has-post-thumbnail","hentry","category-cidades","category-clima","category-destaque","category-noticias","tag-climatempo","tag-meteorologia"],"_links":{"self":[{"href":"https:\/\/tvtecjundiai.com.br\/news\/wp-json\/wp\/v2\/posts\/64920","targetHints":{"allow":["GET"]}}],"collection":[{"href":"https:\/\/tvtecjundiai.com.br\/news\/wp-json\/wp\/v2\/posts"}],"about":[{"href":"https:\/\/tvtecjundiai.com.br\/news\/wp-json\/wp\/v2\/types\/post"}],"author":[{"embeddable":true,"href":"https:\/\/tvtecjundiai.com.br\/news\/wp-json\/wp\/v2\/users\/10"}],"replies":[{"embeddable":true,"href":"https:\/\/tvtecjundiai.com.br\/news\/wp-json\/wp\/v2\/comments?post=64920"}],"version-history":[{"count":5,"href":"https:\/\/tvtecjundiai.com.br\/news\/wp-json\/wp\/v2\/posts\/64920\/revisions"}],"predecessor-version":[{"id":64944,"href":"https:\/\/tvtecjundiai.com.br\/news\/wp-json\/wp\/v2\/posts\/64920\/revisions\/64944"}],"wp:featuredmedia":[{"embeddable":true,"href":"https:\/\/tvtecjundiai.com.br\/news\/wp-json\/wp\/v2\/media\/64923"}],"wp:attachment":[{"href":"https:\/\/tvtecjundiai.com.br\/news\/wp-json\/wp\/v2\/media?parent=64920"}],"wp:term":[{"taxonomy":"category","embeddable":true,"href":"https:\/\/tvtecjundiai.com.br\/news\/wp-json\/wp\/v2\/categories?post=64920"},{"taxonomy":"post_tag","embeddable":true,"href":"https:\/\/tvtecjundiai.com.br\/news\/wp-json\/wp\/v2\/tags?post=64920"}],"curies":[{"name":"wp","href":"https:\/\/api.w.org\/{rel}","templated":true}]}}