{"id":65025,"date":"2020-08-12T12:47:06","date_gmt":"2020-08-12T15:47:06","guid":{"rendered":"https:\/\/tvtecjundiai.com.br\/news\/?p=65025"},"modified":"2020-08-12T15:23:19","modified_gmt":"2020-08-12T18:23:19","slug":"trechos-da-rodovia-bandeirantes-passam-por-obras-em-jundiai","status":"publish","type":"post","link":"https:\/\/tvtecjundiai.com.br\/news\/2020\/08\/12\/trechos-da-rodovia-bandeirantes-passam-por-obras-em-jundiai\/","title":{"rendered":"Trechos da rodovia Bandeirantes passam por obras em Jundia\u00ed"},"content":{"rendered":"<div class=\"mc-column content-text active-extra-styles \" data-block-type=\"unstyled\" data-block-weight=\"27\" data-block-id=\"2\">\n<div id=\"attachment_65026\" style=\"width: 433px\" class=\"wp-caption alignright\"><a href=\"https:\/\/tvtecjundiai.com.br\/news\/wp-content\/uploads\/sites\/2\/2020\/08\/viewimage.jpg\"><img loading=\"lazy\" decoding=\"async\" aria-describedby=\"caption-attachment-65026\" class=\"wp-image-65026\" src=\"https:\/\/tvtecjundiai.com.br\/news\/wp-content\/uploads\/sites\/2\/2020\/08\/viewimage-300x205.jpg\" alt=\"\" width=\"423\" height=\"289\" srcset=\"https:\/\/tvtecjundiai.com.br\/news\/wp-content\/uploads\/sites\/2\/2020\/08\/viewimage-300x205.jpg 300w, https:\/\/tvtecjundiai.com.br\/news\/wp-content\/uploads\/sites\/2\/2020\/08\/viewimage.jpg 600w\" sizes=\"auto, (max-width: 423px) 100vw, 423px\" \/><\/a><p id=\"caption-attachment-65026\" class=\"wp-caption-text\">Recupera\u00e7\u00e3o de pavimento acontece entre os quil\u00f4metros 55 e 46, no sentido capital, at\u00e9 s\u00e1bado (15), das 8h \u00e0s 17h.<\/p><\/div>\n<p class=\"content-text__container \" data-track-category=\"Link no Texto\" data-track-links=\"\">Obras de recupera\u00e7\u00e3o de pavimento est\u00e3o sendo realizadas entre os quil\u00f4metros 55 e 46 da rodovia dos Bandeirantes (SP-348), sentido capital, na regi\u00e3o de Jundia\u00ed.<\/p>\n<\/div>\n<div class=\"wall protected-content\">\n<div class=\"mc-column content-text active-extra-styles \" data-block-type=\"unstyled\" data-block-weight=\"24\" data-block-id=\"3\">\n<p class=\"content-text__container \" data-track-category=\"Link no Texto\" data-track-links=\"\">Segundo a concession\u00e1ria que administra o sistema Anhanguera-Bandeirantes, os trabalhos acontecem das 8h \u00e0s 17h at\u00e9 s\u00e1bado (15), com fechamento de faixa.<\/p>\n<p class=\"content-text__container \" data-track-category=\"Link no Texto\" data-track-links=\"\">A sinaliza\u00e7\u00e3o no local tamb\u00e9m ser\u00e1 refor\u00e7ada para orienta\u00e7\u00e3o aos motoristas.<\/p>\n<\/div>\n<div class=\"mc-column content-text active-extra-styles \" data-block-type=\"unstyled\" data-block-weight=\"28\" data-block-id=\"4\">\n<p class=\"content-text__container \" data-track-category=\"Link no Texto\" data-track-links=\"\"><em>(Fonte: G1\/Foto: Divulga\u00e7\u00e3o)<\/em><\/p>\n<\/div>\n<\/div>\n","protected":false},"excerpt":{"rendered":"<p>A sinaliza\u00e7\u00e3o no local ser\u00e1 refor\u00e7ada para orienta\u00e7\u00e3o aos motoristas<\/p>\n","protected":false},"author":13,"featured_media":65026,"comment_status":"closed","ping_status":"closed","sticky":false,"template":"","format":"standard","meta":{"footnotes":""},"categories":[2834,1],"tags":[5,7941],"class_list":["post-65025","post","type-post","status-publish","format-standard","has-post-thumbnail","hentry","category-cidades","category-noticias","tag-jundiai","tag-rodovia-bandeirantes"],"_links":{"self":[{"href":"https:\/\/tvtecjundiai.com.br\/news\/wp-json\/wp\/v2\/posts\/65025","targetHints":{"allow":["GET"]}}],"collection":[{"href":"https:\/\/tvtecjundiai.com.br\/news\/wp-json\/wp\/v2\/posts"}],"about":[{"href":"https:\/\/tvtecjundiai.com.br\/news\/wp-json\/wp\/v2\/types\/post"}],"author":[{"embeddable":true,"href":"https:\/\/tvtecjundiai.com.br\/news\/wp-json\/wp\/v2\/users\/13"}],"replies":[{"embeddable":true,"href":"https:\/\/tvtecjundiai.com.br\/news\/wp-json\/wp\/v2\/comments?post=65025"}],"version-history":[{"count":1,"href":"https:\/\/tvtecjundiai.com.br\/news\/wp-json\/wp\/v2\/posts\/65025\/revisions"}],"predecessor-version":[{"id":65029,"href":"https:\/\/tvtecjundiai.com.br\/news\/wp-json\/wp\/v2\/posts\/65025\/revisions\/65029"}],"wp:featuredmedia":[{"embeddable":true,"href":"https:\/\/tvtecjundiai.com.br\/news\/wp-json\/wp\/v2\/media\/65026"}],"wp:attachment":[{"href":"https:\/\/tvtecjundiai.com.br\/news\/wp-json\/wp\/v2\/media?parent=65025"}],"wp:term":[{"taxonomy":"category","embeddable":true,"href":"https:\/\/tvtecjundiai.com.br\/news\/wp-json\/wp\/v2\/categories?post=65025"},{"taxonomy":"post_tag","embeddable":true,"href":"https:\/\/tvtecjundiai.com.br\/news\/wp-json\/wp\/v2\/tags?post=65025"}],"curies":[{"name":"wp","href":"https:\/\/api.w.org\/{rel}","templated":true}]}}