{"id":65465,"date":"2020-10-02T16:44:08","date_gmt":"2020-10-02T19:44:08","guid":{"rendered":"https:\/\/tvtecjundiai.com.br\/news\/?p=65465"},"modified":"2020-10-02T16:54:15","modified_gmt":"2020-10-02T19:54:15","slug":"acao-saude-nos-terminais-comeca-na-vila-arens","status":"publish","type":"post","link":"https:\/\/tvtecjundiai.com.br\/news\/2020\/10\/02\/acao-saude-nos-terminais-comeca-na-vila-arens\/","title":{"rendered":"A\u00e7\u00e3o Sa\u00fade nos Terminais come\u00e7a na Vila Arens"},"content":{"rendered":"\n<p>Nesta segunda-feira (5), a Prefeitura de Jundia\u00ed inicia nova etapa do \u2018A\u00e7\u00e3o Sa\u00fade nos Terminais\u2019, desenvolvida pelo Comit\u00ea de Enfrentamento ao Coronav\u00edrus (CEC), com objetivo de orientar a popula\u00e7\u00e3o com rela\u00e7\u00e3o aos cuidados para a preven\u00e7\u00e3o da COVID-19, al\u00e9m de aferir temperatura e oxigena\u00e7\u00e3o dos usu\u00e1rios interessados.<\/p>\n\n\n\n<p>As pessoas identificadas com sintomas suspeitos da doen\u00e7a sair\u00e3o com encaminhamento para atendimento no servi\u00e7o de sa\u00fade espec\u00edfico mais pr\u00f3ximo. A atividade ser\u00e1 desenvolvida pelos t\u00e9cnicos da Unidade de Gest\u00e3o de Promo\u00e7\u00e3o da Sa\u00fade (UGPS) entre os dias 5 a 14, de forma rotativa, das 7h \u00e0s 10h, em cada um dos Terminais do Transporte P\u00fablico de Jundia\u00ed.<\/p>\n\n\n\n<div class=\"wp-block-image\"><figure class=\"alignleft size-medium is-resized\"><a href=\"https:\/\/tvtecjundiai.com.br\/news\/wp-content\/uploads\/sites\/2\/2020\/10\/acao_covid_terminal_vila_arens-45.jpg\"><img loading=\"lazy\" decoding=\"async\" src=\"https:\/\/tvtecjundiai.com.br\/news\/wp-content\/uploads\/sites\/2\/2020\/10\/acao_covid_terminal_vila_arens-45-300x200.jpg\" alt=\"\" class=\"wp-image-65466\" width=\"327\" height=\"218\" srcset=\"https:\/\/tvtecjundiai.com.br\/news\/wp-content\/uploads\/sites\/2\/2020\/10\/acao_covid_terminal_vila_arens-45-300x200.jpg 300w, https:\/\/tvtecjundiai.com.br\/news\/wp-content\/uploads\/sites\/2\/2020\/10\/acao_covid_terminal_vila_arens-45-1200x801.jpg 1200w, https:\/\/tvtecjundiai.com.br\/news\/wp-content\/uploads\/sites\/2\/2020\/10\/acao_covid_terminal_vila_arens-45-768x512.jpg 768w, https:\/\/tvtecjundiai.com.br\/news\/wp-content\/uploads\/sites\/2\/2020\/10\/acao_covid_terminal_vila_arens-45.jpg 1280w\" sizes=\"auto, (max-width: 327px) 100vw, 327px\" \/><\/a><figcaption>Durante a primeira semana, no in\u00edcio de agosto, foram abordados 4 mil usu\u00e1rios na a\u00e7\u00e3o<\/figcaption><\/figure><\/div>\n\n\n\n<p>De acordo com a diretora de Vigil\u00e2ncia em Sa\u00fade da UGPS, Fauzia Abou Abbas Raiza, a iniciativa \u00e9 preventiva. \u201cOs terminais s\u00e3o locais de grande fluxo de pessoas, por isso, \u00e9 necess\u00e1rio que todos se atentem \u00e0s orienta\u00e7\u00f5es com os cuidados b\u00e1sicos e sintomas. Al\u00e9m de receber orienta\u00e7\u00e3o, as pessoas ter\u00e3o a temperatura e a oxig\u00eanio aferidos. A qualquer altera\u00e7\u00e3o, ser\u00e3o encaminhados para atendimento imediatamente\u201d, comenta.<\/p>\n\n\n\n<p>Durante a primeira semana de A\u00e7\u00e3o Sa\u00fade nos Terminais, no in\u00edcio de agosto, foram abordados 4 mil usu\u00e1rios com as mesmas orienta\u00e7\u00f5es e procedimentos.<\/p>\n\n\n\n<p>Os sete terminais de \u00f4nibus de Jundia\u00ed possuem dispositivos de \u00e1lcool em gel para que os usu\u00e1rios possam desinfectar as m\u00e3os antes e depois de utilizar os coletivos, al\u00e9m de balizadores de fila para ajudar no distanciamento das pessoas. A limpeza dos \u00f4nibus tamb\u00e9m foi intensificada. <\/p>\n\n\n\n<p><em>(Fonte\/Imagem: Prefeitura de Jundia\u00ed)<\/em><\/p>\n","protected":false},"excerpt":{"rendered":"<p>Objetivo \u00e9 orientar a popula\u00e7\u00e3o sobre os cuidados da COVID-19<\/p>\n","protected":false},"author":17,"featured_media":65466,"comment_status":"closed","ping_status":"closed","sticky":false,"template":"","format":"standard","meta":{"footnotes":""},"categories":[29,5697,1,2839],"tags":[6242,6511],"class_list":["post-65465","post","type-post","status-publish","format-standard","has-post-thumbnail","hentry","category-destaque","category-mobilidade-noticias","category-noticias","category-saude","tag-coronavirus","tag-pandemia"],"_links":{"self":[{"href":"https:\/\/tvtecjundiai.com.br\/news\/wp-json\/wp\/v2\/posts\/65465","targetHints":{"allow":["GET"]}}],"collection":[{"href":"https:\/\/tvtecjundiai.com.br\/news\/wp-json\/wp\/v2\/posts"}],"about":[{"href":"https:\/\/tvtecjundiai.com.br\/news\/wp-json\/wp\/v2\/types\/post"}],"author":[{"embeddable":true,"href":"https:\/\/tvtecjundiai.com.br\/news\/wp-json\/wp\/v2\/users\/17"}],"replies":[{"embeddable":true,"href":"https:\/\/tvtecjundiai.com.br\/news\/wp-json\/wp\/v2\/comments?post=65465"}],"version-history":[{"count":3,"href":"https:\/\/tvtecjundiai.com.br\/news\/wp-json\/wp\/v2\/posts\/65465\/revisions"}],"predecessor-version":[{"id":65469,"href":"https:\/\/tvtecjundiai.com.br\/news\/wp-json\/wp\/v2\/posts\/65465\/revisions\/65469"}],"wp:featuredmedia":[{"embeddable":true,"href":"https:\/\/tvtecjundiai.com.br\/news\/wp-json\/wp\/v2\/media\/65466"}],"wp:attachment":[{"href":"https:\/\/tvtecjundiai.com.br\/news\/wp-json\/wp\/v2\/media?parent=65465"}],"wp:term":[{"taxonomy":"category","embeddable":true,"href":"https:\/\/tvtecjundiai.com.br\/news\/wp-json\/wp\/v2\/categories?post=65465"},{"taxonomy":"post_tag","embeddable":true,"href":"https:\/\/tvtecjundiai.com.br\/news\/wp-json\/wp\/v2\/tags?post=65465"}],"curies":[{"name":"wp","href":"https:\/\/api.w.org\/{rel}","templated":true}]}}