{"id":65507,"date":"2020-10-05T17:00:24","date_gmt":"2020-10-05T20:00:24","guid":{"rendered":"https:\/\/tvtecjundiai.com.br\/news\/?p=65507"},"modified":"2020-10-06T16:47:49","modified_gmt":"2020-10-06T19:47:49","slug":"confira-os-dados-atualizados-da-covid-19-em-jundiai-nesta-segunda-05","status":"publish","type":"post","link":"https:\/\/tvtecjundiai.com.br\/news\/2020\/10\/05\/confira-os-dados-atualizados-da-covid-19-em-jundiai-nesta-segunda-05\/","title":{"rendered":"Confira os dados atualizados da Covid-19 em Jundia\u00ed nesta segunda"},"content":{"rendered":"\n<p>A Prefeitura de Jundia\u00ed informa que, nesta segunda-feira (05), o munic\u00edpio contabilizou um \u00f3bito de residente na cidade causado pelo Coronav\u00edrus.<\/p>\n\n\n\n<p>Mulher, 57 anos, diab\u00e9tica, portadora de doen\u00e7a cardiovascular cr\u00f4nica e asma. Foi internada em hospital particular no dia 30\/08 e \u00f3bito registrado no dia 04\/10, j\u00e1 positivo para COVID-19.<\/p>\n\n\n\n<p>At\u00e9 o momento, a cidade registra 411 \u00f3bitos positivos para COVID-19 desde o in\u00edcio da pandemia.<\/p>\n\n\n\n<figure class=\"wp-block-image size-large\"><img loading=\"lazy\" decoding=\"async\" width=\"960\" height=\"960\" src=\"https:\/\/tvtecjundiai.com.br\/news\/wp-content\/uploads\/sites\/2\/2020\/10\/slide1-4-960x960.jpg\" alt=\"\" class=\"wp-image-65508\" srcset=\"https:\/\/tvtecjundiai.com.br\/news\/wp-content\/uploads\/sites\/2\/2020\/10\/slide1-4-960x960.jpg 960w, https:\/\/tvtecjundiai.com.br\/news\/wp-content\/uploads\/sites\/2\/2020\/10\/slide1-4-300x300.jpg 300w, https:\/\/tvtecjundiai.com.br\/news\/wp-content\/uploads\/sites\/2\/2020\/10\/slide1-4-100x100.jpg 100w, https:\/\/tvtecjundiai.com.br\/news\/wp-content\/uploads\/sites\/2\/2020\/10\/slide1-4-768x768.jpg 768w, https:\/\/tvtecjundiai.com.br\/news\/wp-content\/uploads\/sites\/2\/2020\/10\/slide1-4.jpg 1280w\" sizes=\"auto, (max-width: 960px) 100vw, 960px\" \/><\/figure>\n\n\n\n<p><em>(Fonte\/Imagem: Prefeitura de Jundia\u00ed)<\/em><\/p>\n","protected":false},"excerpt":{"rendered":"<p>Cidade registra 411 \u00f3bitos positivos para Covid-19 desde o in\u00edcio da pandemia<\/p>\n","protected":false},"author":17,"featured_media":61027,"comment_status":"closed","ping_status":"closed","sticky":false,"template":"","format":"standard","meta":{"footnotes":""},"categories":[1,2839],"tags":[7717,6242,6511,6],"class_list":["post-65507","post","type-post","status-publish","format-standard","has-post-thumbnail","hentry","category-noticias","category-saude","tag-boletim-epidemiologico","tag-coronavirus","tag-pandemia","tag-saude"],"_links":{"self":[{"href":"https:\/\/tvtecjundiai.com.br\/news\/wp-json\/wp\/v2\/posts\/65507","targetHints":{"allow":["GET"]}}],"collection":[{"href":"https:\/\/tvtecjundiai.com.br\/news\/wp-json\/wp\/v2\/posts"}],"about":[{"href":"https:\/\/tvtecjundiai.com.br\/news\/wp-json\/wp\/v2\/types\/post"}],"author":[{"embeddable":true,"href":"https:\/\/tvtecjundiai.com.br\/news\/wp-json\/wp\/v2\/users\/17"}],"replies":[{"embeddable":true,"href":"https:\/\/tvtecjundiai.com.br\/news\/wp-json\/wp\/v2\/comments?post=65507"}],"version-history":[{"count":3,"href":"https:\/\/tvtecjundiai.com.br\/news\/wp-json\/wp\/v2\/posts\/65507\/revisions"}],"predecessor-version":[{"id":65517,"href":"https:\/\/tvtecjundiai.com.br\/news\/wp-json\/wp\/v2\/posts\/65507\/revisions\/65517"}],"wp:featuredmedia":[{"embeddable":true,"href":"https:\/\/tvtecjundiai.com.br\/news\/wp-json\/wp\/v2\/media\/61027"}],"wp:attachment":[{"href":"https:\/\/tvtecjundiai.com.br\/news\/wp-json\/wp\/v2\/media?parent=65507"}],"wp:term":[{"taxonomy":"category","embeddable":true,"href":"https:\/\/tvtecjundiai.com.br\/news\/wp-json\/wp\/v2\/categories?post=65507"},{"taxonomy":"post_tag","embeddable":true,"href":"https:\/\/tvtecjundiai.com.br\/news\/wp-json\/wp\/v2\/tags?post=65507"}],"curies":[{"name":"wp","href":"https:\/\/api.w.org\/{rel}","templated":true}]}}