{"id":65772,"date":"2020-10-29T12:06:27","date_gmt":"2020-10-29T15:06:27","guid":{"rendered":"https:\/\/tvtecjundiai.com.br\/news\/?p=65772"},"modified":"2020-10-29T12:07:03","modified_gmt":"2020-10-29T15:07:03","slug":"edital-do-comercio-eventual-de-finados-e-suspenso-devido-a-pandemia","status":"publish","type":"post","link":"https:\/\/tvtecjundiai.com.br\/news\/2020\/10\/29\/edital-do-comercio-eventual-de-finados-e-suspenso-devido-a-pandemia\/","title":{"rendered":"Com\u00e9rcio Eventual de Finados \u00e9 suspenso devido \u00e0 pandemia"},"content":{"rendered":"\n<p>A Divis\u00e3o de Fiscaliza\u00e7\u00e3o do Com\u00e9rcio, integrante da Unidade de Gest\u00e3o de Governo e Finan\u00e7as, informa que este ano, devido \u00e0 pandemia do Coronav\u00edrus, est\u00e1 suspenso o edital para o \u201cCom\u00e9rcio Eventual de Finados\u201d. Por essa raz\u00e3o, nenhum vendedor ambulante est\u00e1 autorizado a comercializar flores e velas nas proximidades dos cemit\u00e9rios nos dias 1 e 2 de novembro, v\u00e9spera e Dia de Finados.<\/p>\n\n\n\n<p>O objetivo da medida \u00e9 evitar aglomera\u00e7\u00f5es e tornar mais segura a visita\u00e7\u00e3o durante o feriado. O com\u00e9rcio ilegal poder\u00e1 ser denunciado via 153 (Guarda Municipal de Jundia\u00ed), que far\u00e1 a fiscaliza\u00e7\u00e3o.<\/p>\n\n\n\n<div class=\"wp-block-image\"><figure class=\"alignleft size-medium is-resized\"><a href=\"https:\/\/tvtecjundiai.com.br\/news\/wp-content\/uploads\/sites\/2\/2020\/10\/cemiterio-do-desterrode-novo.jpg\"><img loading=\"lazy\" decoding=\"async\" src=\"https:\/\/tvtecjundiai.com.br\/news\/wp-content\/uploads\/sites\/2\/2020\/10\/cemiterio-do-desterrode-novo-300x199.jpg\" alt=\"\" class=\"wp-image-65773\" width=\"377\" height=\"249\" srcset=\"https:\/\/tvtecjundiai.com.br\/news\/wp-content\/uploads\/sites\/2\/2020\/10\/cemiterio-do-desterrode-novo-300x199.jpg 300w, https:\/\/tvtecjundiai.com.br\/news\/wp-content\/uploads\/sites\/2\/2020\/10\/cemiterio-do-desterrode-novo-1200x797.jpg 1200w, https:\/\/tvtecjundiai.com.br\/news\/wp-content\/uploads\/sites\/2\/2020\/10\/cemiterio-do-desterrode-novo-768x510.jpg 768w\" sizes=\"auto, (max-width: 377px) 100vw, 377px\" \/><\/a><figcaption>Cemit\u00e9rio Nossa Senhora do Desterro, no Centro: este ano n\u00e3o haver\u00e1 o edital para com\u00e9rcio eventual de flores e velas<\/figcaption><\/figure><\/div>\n\n\n\n<p><strong>Cemit\u00e9rios abertos<\/strong><br>Ap\u00f3s an\u00e1lise feita pelo Comit\u00ea de Enfrentamento ao Coronav\u00edrus, definiu-se que os cemit\u00e9rios p\u00fablicos e particulares de Jundia\u00ed \u2013 j\u00e1 reabertos para visita\u00e7\u00e3o de segunda a sexta desde o dia 13 de outubro atrav\u00e9s do Decreto Municipal N\u00ba 29.369 \u2013 funcionar\u00e3o excepcionalmente durante o feriado prolongado de Finados (30 e 31 de outubro, 1\u00ba e 2 de novembro), das 7h \u00e0s 17h. S\u00f3 ser\u00e1 permitida a entrada de visitantes nos cemit\u00e9rios usando m\u00e1scara e respeitando o distanciamento social.<\/p>\n\n\n\n<p>Limpeza de t\u00famulos e demais reformas n\u00e3o ser\u00e3o permitidas no Dia de Finados, somente de segunda a sexta. Caso algum concession\u00e1rio deseje iniciar uma reforma na sepultura de sua fam\u00edlia, \u00e9 preciso entrar em contato antecipadamente com a administra\u00e7\u00e3o do respectivo cemit\u00e9rio para as provid\u00eancias necess\u00e1rias.<\/p>\n\n\n\n<p><em>(Fonte\/Imagem: Prefeitura de Jundia\u00ed)<\/em><\/p>\n","protected":false},"excerpt":{"rendered":"<p>Objetivo \u00e9 evitar aglomera\u00e7\u00f5es e tornar mais segura a visita\u00e7\u00e3o<\/p>\n","protected":false},"author":17,"featured_media":65773,"comment_status":"closed","ping_status":"closed","sticky":false,"template":"","format":"standard","meta":{"footnotes":""},"categories":[2833,29,1,5860],"tags":[7973,588,1223,6931,7979],"class_list":["post-65772","post","type-post","status-publish","format-standard","has-post-thumbnail","hentry","category-cultura","category-destaque","category-noticias","category-saneamento","tag-cemiterios-publicos","tag-comercio","tag-finados","tag-flores","tag-velas"],"_links":{"self":[{"href":"https:\/\/tvtecjundiai.com.br\/news\/wp-json\/wp\/v2\/posts\/65772","targetHints":{"allow":["GET"]}}],"collection":[{"href":"https:\/\/tvtecjundiai.com.br\/news\/wp-json\/wp\/v2\/posts"}],"about":[{"href":"https:\/\/tvtecjundiai.com.br\/news\/wp-json\/wp\/v2\/types\/post"}],"author":[{"embeddable":true,"href":"https:\/\/tvtecjundiai.com.br\/news\/wp-json\/wp\/v2\/users\/17"}],"replies":[{"embeddable":true,"href":"https:\/\/tvtecjundiai.com.br\/news\/wp-json\/wp\/v2\/comments?post=65772"}],"version-history":[{"count":2,"href":"https:\/\/tvtecjundiai.com.br\/news\/wp-json\/wp\/v2\/posts\/65772\/revisions"}],"predecessor-version":[{"id":65775,"href":"https:\/\/tvtecjundiai.com.br\/news\/wp-json\/wp\/v2\/posts\/65772\/revisions\/65775"}],"wp:featuredmedia":[{"embeddable":true,"href":"https:\/\/tvtecjundiai.com.br\/news\/wp-json\/wp\/v2\/media\/65773"}],"wp:attachment":[{"href":"https:\/\/tvtecjundiai.com.br\/news\/wp-json\/wp\/v2\/media?parent=65772"}],"wp:term":[{"taxonomy":"category","embeddable":true,"href":"https:\/\/tvtecjundiai.com.br\/news\/wp-json\/wp\/v2\/categories?post=65772"},{"taxonomy":"post_tag","embeddable":true,"href":"https:\/\/tvtecjundiai.com.br\/news\/wp-json\/wp\/v2\/tags?post=65772"}],"curies":[{"name":"wp","href":"https:\/\/api.w.org\/{rel}","templated":true}]}}