{"id":65874,"date":"2020-11-09T16:53:52","date_gmt":"2020-11-09T19:53:52","guid":{"rendered":"https:\/\/tvtecjundiai.com.br\/news\/?p=65874"},"modified":"2020-11-09T16:54:14","modified_gmt":"2020-11-09T19:54:14","slug":"confira-os-numeros-da-covid-19-em-jundiai-nesta-segunda-9","status":"publish","type":"post","link":"https:\/\/tvtecjundiai.com.br\/news\/2020\/11\/09\/confira-os-numeros-da-covid-19-em-jundiai-nesta-segunda-9\/","title":{"rendered":"Confira os n\u00fameros da Covid-19 em Jundia\u00ed nesta segunda (9)"},"content":{"rendered":"\n<p>A Prefeitura de Jundia\u00ed informa que, nesta segunda-feira (9), o munic\u00edpio n\u00e3o contabilizou \u00f3bito de residente na cidade causado pelo Novo Coronav\u00edrus.<\/p>\n\n\n\n<p>At\u00e9 o momento, a cidade registra 422 \u00f3bitos positivos para COVID-19 desde o in\u00edcio da pandemia.<\/p>\n\n\n\n<figure class=\"wp-block-image size-full\"><a href=\"https:\/\/tvtecjundiai.com.br\/news\/wp-content\/uploads\/sites\/2\/2020\/11\/slide1-7-960x960-1.jpg\"><img loading=\"lazy\" decoding=\"async\" width=\"960\" height=\"960\" src=\"https:\/\/tvtecjundiai.com.br\/news\/wp-content\/uploads\/sites\/2\/2020\/11\/slide1-7-960x960-1.jpg\" alt=\"\" class=\"wp-image-65877\" srcset=\"https:\/\/tvtecjundiai.com.br\/news\/wp-content\/uploads\/sites\/2\/2020\/11\/slide1-7-960x960-1.jpg 960w, https:\/\/tvtecjundiai.com.br\/news\/wp-content\/uploads\/sites\/2\/2020\/11\/slide1-7-960x960-1-300x300.jpg 300w, https:\/\/tvtecjundiai.com.br\/news\/wp-content\/uploads\/sites\/2\/2020\/11\/slide1-7-960x960-1-100x100.jpg 100w, https:\/\/tvtecjundiai.com.br\/news\/wp-content\/uploads\/sites\/2\/2020\/11\/slide1-7-960x960-1-768x768.jpg 768w\" sizes=\"auto, (max-width: 960px) 100vw, 960px\" \/><\/a><\/figure>\n\n\n\n<p><em>(Fonte\/ Imagem: Prefeitura de Jundia\u00ed)<\/em><\/p>\n","protected":false},"excerpt":{"rendered":"<p>Munic\u00edpio registra 206 casos ativos da doen\u00e7a<\/p>\n","protected":false},"author":10,"featured_media":61554,"comment_status":"closed","ping_status":"closed","sticky":false,"template":"","format":"standard","meta":{"footnotes":""},"categories":[2834,29,1,2839],"tags":[6242,6775,5],"class_list":["post-65874","post","type-post","status-publish","format-standard","has-post-thumbnail","hentry","category-cidades","category-destaque","category-noticias","category-saude","tag-coronavirus","tag-informe-epidemiologico","tag-jundiai"],"_links":{"self":[{"href":"https:\/\/tvtecjundiai.com.br\/news\/wp-json\/wp\/v2\/posts\/65874","targetHints":{"allow":["GET"]}}],"collection":[{"href":"https:\/\/tvtecjundiai.com.br\/news\/wp-json\/wp\/v2\/posts"}],"about":[{"href":"https:\/\/tvtecjundiai.com.br\/news\/wp-json\/wp\/v2\/types\/post"}],"author":[{"embeddable":true,"href":"https:\/\/tvtecjundiai.com.br\/news\/wp-json\/wp\/v2\/users\/10"}],"replies":[{"embeddable":true,"href":"https:\/\/tvtecjundiai.com.br\/news\/wp-json\/wp\/v2\/comments?post=65874"}],"version-history":[{"count":3,"href":"https:\/\/tvtecjundiai.com.br\/news\/wp-json\/wp\/v2\/posts\/65874\/revisions"}],"predecessor-version":[{"id":65880,"href":"https:\/\/tvtecjundiai.com.br\/news\/wp-json\/wp\/v2\/posts\/65874\/revisions\/65880"}],"wp:featuredmedia":[{"embeddable":true,"href":"https:\/\/tvtecjundiai.com.br\/news\/wp-json\/wp\/v2\/media\/61554"}],"wp:attachment":[{"href":"https:\/\/tvtecjundiai.com.br\/news\/wp-json\/wp\/v2\/media?parent=65874"}],"wp:term":[{"taxonomy":"category","embeddable":true,"href":"https:\/\/tvtecjundiai.com.br\/news\/wp-json\/wp\/v2\/categories?post=65874"},{"taxonomy":"post_tag","embeddable":true,"href":"https:\/\/tvtecjundiai.com.br\/news\/wp-json\/wp\/v2\/tags?post=65874"}],"curies":[{"name":"wp","href":"https:\/\/api.w.org\/{rel}","templated":true}]}}