{"id":65959,"date":"2020-11-16T17:49:30","date_gmt":"2020-11-16T20:49:30","guid":{"rendered":"https:\/\/tvtecjundiai.com.br\/news\/?p=65959"},"modified":"2020-11-16T17:53:59","modified_gmt":"2020-11-16T20:53:59","slug":"hospital-sao-vicente-implanta-nova-regulacao-para-seguranca-das-informacoes","status":"publish","type":"post","link":"https:\/\/tvtecjundiai.com.br\/news\/2020\/11\/16\/hospital-sao-vicente-implanta-nova-regulacao-para-seguranca-das-informacoes\/","title":{"rendered":"HSV implanta nova regula\u00e7\u00e3o para seguran\u00e7a das informa\u00e7\u00f5es"},"content":{"rendered":"\n<p>Assim como v\u00e1rias outras, a \u00e1rea da sa\u00fade exige uma extensa coleta de dados e gerenciamento de informa\u00e7\u00f5es importantes, como nomes e contatos de pacientes, quadro cl\u00ednico, dados de atendimento, e quaisquer procedimentos realizados no ambiente hospitalar. Pensando na seguran\u00e7a do armazenamento de dados da institui\u00e7\u00e3o, o Hospital de Caridade S\u00e3o Vicente de Paulo (HSV) inicia neste m\u00eas, um projeto de consultoria em Lei Geral de Prote\u00e7\u00e3o de Dados (LGPD), em parceria com o escrit\u00f3rio de advocacia Era &amp; Nagoshi.<\/p>\n\n\n\n<div class=\"wp-block-image\"><figure class=\"alignright size-large is-resized\"><a href=\"https:\/\/tvtecjundiai.com.br\/news\/wp-content\/uploads\/sites\/2\/2020\/11\/Matheus-e-Herio-durante-orientacao-aos-colaboradores-2.jpg\"><img loading=\"lazy\" decoding=\"async\" src=\"https:\/\/tvtecjundiai.com.br\/news\/wp-content\/uploads\/sites\/2\/2020\/11\/Matheus-e-Herio-durante-orientacao-aos-colaboradores-2-1200x718.jpg\" alt=\"\" class=\"wp-image-65960\" width=\"356\" height=\"213\" srcset=\"https:\/\/tvtecjundiai.com.br\/news\/wp-content\/uploads\/sites\/2\/2020\/11\/Matheus-e-Herio-durante-orientacao-aos-colaboradores-2-1200x718.jpg 1200w, https:\/\/tvtecjundiai.com.br\/news\/wp-content\/uploads\/sites\/2\/2020\/11\/Matheus-e-Herio-durante-orientacao-aos-colaboradores-2-300x180.jpg 300w, https:\/\/tvtecjundiai.com.br\/news\/wp-content\/uploads\/sites\/2\/2020\/11\/Matheus-e-Herio-durante-orientacao-aos-colaboradores-2-768x460.jpg 768w, https:\/\/tvtecjundiai.com.br\/news\/wp-content\/uploads\/sites\/2\/2020\/11\/Matheus-e-Herio-durante-orientacao-aos-colaboradores-2.jpg 1280w\" sizes=\"auto, (max-width: 356px) 100vw, 356px\" \/><\/a><figcaption>Matheus e H\u00e9rio durante orienta\u00e7\u00e3o aos colaboradores<\/figcaption><\/figure><\/div>\n\n\n\n<p>A Lei 13.709\/18 disp\u00f5e sobre o tratamento de dados pessoais, nos meios f\u00edsicos e digitais, inclusive por pessoa jur\u00eddica de direito p\u00fablico, com o objetivo de proteger os direitos fundamentais da liberdade e de privacidade e o livre desenvolvimento da personalidade natural. A nova regulamenta\u00e7\u00e3o \u00e9 v\u00e1lida para empresas p\u00fablicas e privadas.<\/p>\n\n\n\n<p>Ao longo de oito meses, a equipe far\u00e1 o levantamento de informa\u00e7\u00f5es do hospital por meio de entrevista com colaboradores de todas as \u00e1reas a fim de mapear e realizar a an\u00e1lise de riscos, definir planos de a\u00e7\u00e3o, entre outras pesquisas. Ao todo, o projeto ser\u00e1 aplicado em seis fases. \u201c\u00c9 importante ressaltar que o processo de entrevistas ser\u00e1 feito de maneira remota, caso n\u00e3o haja necessidade de uma conversa presencial. O objetivo \u00e9 entender como podemos melhorar a prote\u00e7\u00e3o das identidades e outros dados dos pacientes. Tamb\u00e9m faremos um workshop com os funcion\u00e1rios, que incluem corpo cl\u00ednico, profissionais administrativos e assistenciais, al\u00e9m das lideran\u00e7as\u201d, explica o especialista em prote\u00e7\u00e3o de dados e advogado, Dr. H\u00e9rio Nagoshi.<\/p>\n\n\n\n<p>O primeiro encontro aconteceu no anfiteatro da institui\u00e7\u00e3o, no dia 10 de novembro, quando a proposta foi apresentada aos coordenadores de \u00e1rea. \u201cEsta \u00e9 mais uma etapa que devemos seguir para manter a excel\u00eancia em nossos atendimentos. O comprometimento \u00e9 a pe\u00e7a-chave do projeto, por isso contamos com a participa\u00e7\u00e3o de todos. Temos feito um trabalho fant\u00e1stico ao longo dos anos. Hoje, o S\u00e3o Vicente \u00e9 uma institui\u00e7\u00e3o do terceiro setor que preza pela qualidade do servi\u00e7o prestado e quer estar em dia com suas obriga\u00e7\u00f5es\u201d, afirmou o superintendente, Matheus Gomes.<\/p>\n\n\n\n<p><em>(Fonte: Assessoria de Imprensa HSV)<\/em><\/p>\n","protected":false},"excerpt":{"rendered":"<p>Hospital inicia projeto de consultoria em Lei Geral de Prote\u00e7\u00e3o de Dados (LGPD)<\/p>\n","protected":false},"author":18,"featured_media":65960,"comment_status":"closed","ping_status":"closed","sticky":false,"template":"","format":"standard","meta":{"footnotes":""},"categories":[2834,29,1,2839,2835],"tags":[7990,6],"class_list":["post-65959","post","type-post","status-publish","format-standard","has-post-thumbnail","hentry","category-cidades","category-destaque","category-noticias","category-saude","category-tecnologia","tag-lgpd","tag-saude"],"_links":{"self":[{"href":"https:\/\/tvtecjundiai.com.br\/news\/wp-json\/wp\/v2\/posts\/65959","targetHints":{"allow":["GET"]}}],"collection":[{"href":"https:\/\/tvtecjundiai.com.br\/news\/wp-json\/wp\/v2\/posts"}],"about":[{"href":"https:\/\/tvtecjundiai.com.br\/news\/wp-json\/wp\/v2\/types\/post"}],"author":[{"embeddable":true,"href":"https:\/\/tvtecjundiai.com.br\/news\/wp-json\/wp\/v2\/users\/18"}],"replies":[{"embeddable":true,"href":"https:\/\/tvtecjundiai.com.br\/news\/wp-json\/wp\/v2\/comments?post=65959"}],"version-history":[{"count":3,"href":"https:\/\/tvtecjundiai.com.br\/news\/wp-json\/wp\/v2\/posts\/65959\/revisions"}],"predecessor-version":[{"id":65963,"href":"https:\/\/tvtecjundiai.com.br\/news\/wp-json\/wp\/v2\/posts\/65959\/revisions\/65963"}],"wp:featuredmedia":[{"embeddable":true,"href":"https:\/\/tvtecjundiai.com.br\/news\/wp-json\/wp\/v2\/media\/65960"}],"wp:attachment":[{"href":"https:\/\/tvtecjundiai.com.br\/news\/wp-json\/wp\/v2\/media?parent=65959"}],"wp:term":[{"taxonomy":"category","embeddable":true,"href":"https:\/\/tvtecjundiai.com.br\/news\/wp-json\/wp\/v2\/categories?post=65959"},{"taxonomy":"post_tag","embeddable":true,"href":"https:\/\/tvtecjundiai.com.br\/news\/wp-json\/wp\/v2\/tags?post=65959"}],"curies":[{"name":"wp","href":"https:\/\/api.w.org\/{rel}","templated":true}]}}