{"id":6597,"date":"2018-02-20T11:46:38","date_gmt":"2018-02-20T14:46:38","guid":{"rendered":"https:\/\/tvtecjundiai.com.br\/news\/?p=6597"},"modified":"2018-02-20T11:47:58","modified_gmt":"2018-02-20T14:47:58","slug":"cidades-votacao-da-reforma-da-previdencia-pode-ficar-para-depois-das-eleicoes","status":"publish","type":"post","link":"https:\/\/tvtecjundiai.com.br\/news\/2018\/02\/20\/cidades-votacao-da-reforma-da-previdencia-pode-ficar-para-depois-das-eleicoes\/","title":{"rendered":"Cidades: Reforma da Previd\u00eancia pode ficar para depois das elei\u00e7\u00f5es"},"content":{"rendered":"<div id=\"attachment_6598\" style=\"width: 410px\" class=\"wp-caption alignright\"><a href=\"https:\/\/tvtecjundiai.com.br\/news\/wp-content\/uploads\/sites\/2\/2018\/02\/segundo-o-presidente-da-camara-rodrigo-maia-dem-rj-a-ideia-e-colocar-o-decreto-em-votacao-entre-segunda-19-e-terca-feira-20-na-camara-1518807712890_v2_615x300.jpg\"><img loading=\"lazy\" decoding=\"async\" aria-describedby=\"caption-attachment-6598\" class=\"wp-image-6598\" src=\"https:\/\/tvtecjundiai.com.br\/news\/wp-content\/uploads\/sites\/2\/2018\/02\/segundo-o-presidente-da-camara-rodrigo-maia-dem-rj-a-ideia-e-colocar-o-decreto-em-votacao-entre-segunda-19-e-terca-feira-20-na-camara-1518807712890_v2_615x300-300x146.jpg\" alt=\"\" width=\"400\" height=\"195\" srcset=\"https:\/\/tvtecjundiai.com.br\/news\/wp-content\/uploads\/sites\/2\/2018\/02\/segundo-o-presidente-da-camara-rodrigo-maia-dem-rj-a-ideia-e-colocar-o-decreto-em-votacao-entre-segunda-19-e-terca-feira-20-na-camara-1518807712890_v2_615x300-300x146.jpg 300w, https:\/\/tvtecjundiai.com.br\/news\/wp-content\/uploads\/sites\/2\/2018\/02\/segundo-o-presidente-da-camara-rodrigo-maia-dem-rj-a-ideia-e-colocar-o-decreto-em-votacao-entre-segunda-19-e-terca-feira-20-na-camara-1518807712890_v2_615x300.jpg 615w\" sizes=\"auto, (max-width: 400px) 100vw, 400px\" \/><\/a><p id=\"caption-attachment-6598\" class=\"wp-caption-text\">Maia defendeu a import\u00e2ncia da reforma mas procurou n\u00e3o falar em prazo para vot\u00e1-la<\/p><\/div>\n<p>O presidente da C\u00e2mara dos Deputados, Rodrigo Maia (DEM-RJ), afirmou neste s\u00e1bado (17) que a vota\u00e7\u00e3o da reforma da Previd\u00eancia pode ficar para depois das elei\u00e7\u00f5es de 2018. &#8220;Se n\u00e3o votar [a reforma] antes, vai ser tema da elei\u00e7\u00e3o e\u00a0vota depois&#8221;, disse o parlamentar depois de reuni\u00e3o com o presidente Michel Temer (MDB) no Pal\u00e1cio da Guanabara, sede do governo do Estado do Rio de Janeiro.<\/p>\n<p>O tema principal da reuni\u00e3o foi a interven\u00e7\u00e3o federal na seguran\u00e7a p\u00fablica do Rio. Temer tamb\u00e9m anunciou a cria\u00e7\u00e3o do Minist\u00e9rio da Seguran\u00e7a P\u00fablica, fez um r\u00e1pido pronunciamento depois da reuni\u00e3o, mas o presidente da C\u00e2mara dos\u00a0Deputados foi a \u00fanica autoridade a responder perguntas dos jornalistas ap\u00f3s o encontro.<\/p>\n<p>Na entrevista, Maia tentou evitar o tema da\u00a0Previd\u00eancia, mas acabou tocando no assunto. Ele defendeu a import\u00e2ncia da reforma, por\u00e9m procurou n\u00e3o falar em prazo para vot\u00e1-la. O parlamentar declarou que &#8220;a crise fiscal \u00e9 t\u00e3o profunda que n\u00e3o se pode parar de discutir o assunto&#8221; da reforma.<\/p>\n<p><em>(Fonte: Uol)<\/em><\/p>\n","protected":false},"excerpt":{"rendered":"<p>Rodrigo Maia procurou n\u00e3o falar em prazo para vot\u00e1-la<\/p>\n","protected":false},"author":10,"featured_media":0,"comment_status":"closed","ping_status":"closed","sticky":false,"template":"","format":"standard","meta":{"footnotes":""},"categories":[1],"tags":[1903,2295,15],"class_list":["post-6597","post","type-post","status-publish","format-standard","hentry","category-noticias","tag-brasil","tag-reforma-da-previdencia","tag-tvtec"],"_links":{"self":[{"href":"https:\/\/tvtecjundiai.com.br\/news\/wp-json\/wp\/v2\/posts\/6597","targetHints":{"allow":["GET"]}}],"collection":[{"href":"https:\/\/tvtecjundiai.com.br\/news\/wp-json\/wp\/v2\/posts"}],"about":[{"href":"https:\/\/tvtecjundiai.com.br\/news\/wp-json\/wp\/v2\/types\/post"}],"author":[{"embeddable":true,"href":"https:\/\/tvtecjundiai.com.br\/news\/wp-json\/wp\/v2\/users\/10"}],"replies":[{"embeddable":true,"href":"https:\/\/tvtecjundiai.com.br\/news\/wp-json\/wp\/v2\/comments?post=6597"}],"version-history":[{"count":3,"href":"https:\/\/tvtecjundiai.com.br\/news\/wp-json\/wp\/v2\/posts\/6597\/revisions"}],"predecessor-version":[{"id":6601,"href":"https:\/\/tvtecjundiai.com.br\/news\/wp-json\/wp\/v2\/posts\/6597\/revisions\/6601"}],"wp:attachment":[{"href":"https:\/\/tvtecjundiai.com.br\/news\/wp-json\/wp\/v2\/media?parent=6597"}],"wp:term":[{"taxonomy":"category","embeddable":true,"href":"https:\/\/tvtecjundiai.com.br\/news\/wp-json\/wp\/v2\/categories?post=6597"},{"taxonomy":"post_tag","embeddable":true,"href":"https:\/\/tvtecjundiai.com.br\/news\/wp-json\/wp\/v2\/tags?post=6597"}],"curies":[{"name":"wp","href":"https:\/\/api.w.org\/{rel}","templated":true}]}}