{"id":66046,"date":"2020-11-17T17:13:18","date_gmt":"2020-11-17T20:13:18","guid":{"rendered":"https:\/\/tvtecjundiai.com.br\/news\/?p=66046"},"modified":"2020-11-17T17:14:42","modified_gmt":"2020-11-17T20:14:42","slug":"31o-encontro-de-corais-esta-com-inscricoes-abertas","status":"publish","type":"post","link":"https:\/\/tvtecjundiai.com.br\/news\/2020\/11\/17\/31o-encontro-de-corais-esta-com-inscricoes-abertas\/","title":{"rendered":"31\u00ba Encontro de Corais est\u00e1 com inscri\u00e7\u00f5es abertas"},"content":{"rendered":"\n<p>A 31\u00aa edi\u00e7\u00e3o do Encontro de Corais de Jundia\u00ed 2020 ser\u00e1 realizada entre os dias 09 e 13 de dezembro, em vers\u00e3o integralmente online, por meio do&nbsp;<a href=\"https:\/\/www.youtube.com\/cidadedejundiai\" target=\"_blank\" rel=\"noreferrer noopener\">canal do YouTube da Prefeitura<\/a>&nbsp;e do&nbsp;<a href=\"https:\/\/cultura.jundiai.sp.gov.br\/\" target=\"_blank\" rel=\"noreferrer noopener\">site<\/a>&nbsp;e redes sociais da Unidade de Gest\u00e3o de Cultura (UGC). Podem participar grupos nacionais e internacionais, que devem se inscrever at\u00e9 a segunda-feira (30), gratuitamente, por meio de&nbsp;<a href=\"https:\/\/forms.gle\/R65e3u7fzVLzfAUq5\" target=\"_blank\" rel=\"noreferrer noopener\">formul\u00e1rio online<\/a>.<\/p>\n\n\n\n<div class=\"wp-block-image\"><figure class=\"alignright size-large is-resized\"><a href=\"https:\/\/tvtecjundiai.com.br\/news\/wp-content\/uploads\/sites\/2\/2020\/11\/coral_polytheama-9-1280x853-1-1.jpg\"><img loading=\"lazy\" decoding=\"async\" src=\"https:\/\/tvtecjundiai.com.br\/news\/wp-content\/uploads\/sites\/2\/2020\/11\/coral_polytheama-9-1280x853-1-1-1200x800.jpg\" alt=\"\" class=\"wp-image-66048\" width=\"390\" height=\"260\" srcset=\"https:\/\/tvtecjundiai.com.br\/news\/wp-content\/uploads\/sites\/2\/2020\/11\/coral_polytheama-9-1280x853-1-1-1200x800.jpg 1200w, https:\/\/tvtecjundiai.com.br\/news\/wp-content\/uploads\/sites\/2\/2020\/11\/coral_polytheama-9-1280x853-1-1-300x200.jpg 300w, https:\/\/tvtecjundiai.com.br\/news\/wp-content\/uploads\/sites\/2\/2020\/11\/coral_polytheama-9-1280x853-1-1-768x512.jpg 768w, https:\/\/tvtecjundiai.com.br\/news\/wp-content\/uploads\/sites\/2\/2020\/11\/coral_polytheama-9-1280x853-1-1.jpg 1280w\" sizes=\"auto, (max-width: 390px) 100vw, 390px\" \/><\/a><figcaption>Exibi\u00e7\u00f5es dos v\u00eddeos ser\u00e3o feitas pelo YouTube entre os dias 09 e 13 de dezembro<br><\/figcaption><\/figure><\/div>\n\n\n\n<p>O Encontro n\u00e3o ser\u00e1 competitivo e ter\u00e1 as modalidades Infantil, Infantojuvenil, Jovem ou Adulto. Cada respons\u00e1vel poder\u00e1 realizar at\u00e9 duas inscri\u00e7\u00f5es, podendo unir grupos de diferentes composi\u00e7\u00f5es na mesma inscri\u00e7\u00e3o.<\/p>\n\n\n\n<p>No formul\u00e1rio, o proponente dever\u00e1 incluir o link dos v\u00eddeos propostos, que dever\u00e3o estar hospedados no YouTube, com visibilidade marcada como p\u00fablico ou n\u00e3o listado e com a descri\u00e7\u00e3o contendo os nomes dos m\u00fasicos participantes e de seus respectivos instrumentos.<\/p>\n\n\n\n<p>Cada grupo poder\u00e1 inscrever at\u00e9 dois v\u00eddeos, com dura\u00e7\u00e3o total somada de nove minutos. Um dos v\u00eddeos dever\u00e1 ter sido obrigatoriamente gravado durante o per\u00edodo de isolamento social em decorr\u00eancia da pandemia e o outro v\u00eddeo poder\u00e1 ter sido gravado at\u00e9, no m\u00e1ximo, janeiro de 2019. O proponente que n\u00e3o tiver gravado v\u00eddeos durante o isolamento poder\u00e1 se inscrever com apenas um v\u00eddeo, tamb\u00e9m gravado at\u00e9 janeiro de 2019, e com at\u00e9 quatro minutos.<\/p>\n\n\n\n<p>Para a inscri\u00e7\u00e3o online, os coralistas interessados dever\u00e3o anexar ainda fotos do grupo em alta resolu\u00e7\u00e3o e os formul\u00e1rios de cess\u00e3o de direitos de uso de imagens e de declara\u00e7\u00e3o de uso de obras de terceiros preenchidos.<\/p>\n\n\n\n<p>Mais informa\u00e7\u00f5es podem ser obtidas no&nbsp;<a rel=\"noreferrer noopener\" href=\"https:\/\/forms.gle\/R65e3u7fzVLzfAUq5\" target=\"_blank\">pr\u00f3prio formul\u00e1rio<\/a>, pelo telefone da UGC (11) 4585-9750 ou pelo e-mail&nbsp;<a rel=\"noreferrer noopener\" href=\"mailto:encontrodecorais@jundiai.sp.gov.br\" target=\"_blank\">encontrodecorais@jundiai.sp.gov.br<\/a>.<\/p>\n\n\n\n<p><em>(Fonte\/Imagem: Prefeitura de Jundia\u00ed)<\/em><\/p>\n","protected":false},"excerpt":{"rendered":"<p>Edi\u00e7\u00e3o deste ano ser\u00e1 em vers\u00e3o integralmente online<\/p>\n","protected":false},"author":18,"featured_media":66047,"comment_status":"closed","ping_status":"closed","sticky":false,"template":"","format":"standard","meta":{"footnotes":""},"categories":[2834,2833,29,1],"tags":[],"class_list":["post-66046","post","type-post","status-publish","format-standard","has-post-thumbnail","hentry","category-cidades","category-cultura","category-destaque","category-noticias"],"_links":{"self":[{"href":"https:\/\/tvtecjundiai.com.br\/news\/wp-json\/wp\/v2\/posts\/66046","targetHints":{"allow":["GET"]}}],"collection":[{"href":"https:\/\/tvtecjundiai.com.br\/news\/wp-json\/wp\/v2\/posts"}],"about":[{"href":"https:\/\/tvtecjundiai.com.br\/news\/wp-json\/wp\/v2\/types\/post"}],"author":[{"embeddable":true,"href":"https:\/\/tvtecjundiai.com.br\/news\/wp-json\/wp\/v2\/users\/18"}],"replies":[{"embeddable":true,"href":"https:\/\/tvtecjundiai.com.br\/news\/wp-json\/wp\/v2\/comments?post=66046"}],"version-history":[{"count":2,"href":"https:\/\/tvtecjundiai.com.br\/news\/wp-json\/wp\/v2\/posts\/66046\/revisions"}],"predecessor-version":[{"id":66050,"href":"https:\/\/tvtecjundiai.com.br\/news\/wp-json\/wp\/v2\/posts\/66046\/revisions\/66050"}],"wp:featuredmedia":[{"embeddable":true,"href":"https:\/\/tvtecjundiai.com.br\/news\/wp-json\/wp\/v2\/media\/66047"}],"wp:attachment":[{"href":"https:\/\/tvtecjundiai.com.br\/news\/wp-json\/wp\/v2\/media?parent=66046"}],"wp:term":[{"taxonomy":"category","embeddable":true,"href":"https:\/\/tvtecjundiai.com.br\/news\/wp-json\/wp\/v2\/categories?post=66046"},{"taxonomy":"post_tag","embeddable":true,"href":"https:\/\/tvtecjundiai.com.br\/news\/wp-json\/wp\/v2\/tags?post=66046"}],"curies":[{"name":"wp","href":"https:\/\/api.w.org\/{rel}","templated":true}]}}