{"id":66051,"date":"2020-11-17T17:40:43","date_gmt":"2020-11-17T20:40:43","guid":{"rendered":"https:\/\/tvtecjundiai.com.br\/news\/?p=66051"},"modified":"2020-11-17T17:44:53","modified_gmt":"2020-11-17T20:44:53","slug":"onibus-terao-horarios-especiais-no-feriado","status":"publish","type":"post","link":"https:\/\/tvtecjundiai.com.br\/news\/2020\/11\/17\/onibus-terao-horarios-especiais-no-feriado\/","title":{"rendered":"\u00d4nibus ter\u00e3o hor\u00e1rios especiais no feriado"},"content":{"rendered":"\n<p>A Unidade de Gest\u00e3o de Mobilidade e Transporte (UGMT) informa que na pr\u00f3xima sexta-feira, dia 20 de novembro, devido ao feriado de Consci\u00eancia Negra, todas as linhas do transporte coletivo seguir\u00e3o tabela hor\u00e1ria referente aos domingos e feriados, exceto as linhas abaixo, que circular\u00e3o com os hor\u00e1rios referentes aos dias \u00fateis:<\/p>\n\n\n\n<div class=\"wp-block-image\"><figure class=\"alignright size-large is-resized\"><a href=\"https:\/\/tvtecjundiai.com.br\/news\/wp-content\/uploads\/sites\/2\/2020\/11\/terminal1-3.jpg\"><img loading=\"lazy\" decoding=\"async\" src=\"https:\/\/tvtecjundiai.com.br\/news\/wp-content\/uploads\/sites\/2\/2020\/11\/terminal1-3-1200x800.jpg\" alt=\"\" class=\"wp-image-66055\" width=\"335\" height=\"223\" srcset=\"https:\/\/tvtecjundiai.com.br\/news\/wp-content\/uploads\/sites\/2\/2020\/11\/terminal1-3-1200x800.jpg 1200w, https:\/\/tvtecjundiai.com.br\/news\/wp-content\/uploads\/sites\/2\/2020\/11\/terminal1-3-300x200.jpg 300w, https:\/\/tvtecjundiai.com.br\/news\/wp-content\/uploads\/sites\/2\/2020\/11\/terminal1-3-768x512.jpg 768w, https:\/\/tvtecjundiai.com.br\/news\/wp-content\/uploads\/sites\/2\/2020\/11\/terminal1-3.jpg 1280w\" sizes=\"auto, (max-width: 335px) 100vw, 335px\" \/><\/a><figcaption>Linhas ter\u00e3o readequa\u00e7\u00e3o nesta sexta (20), feriado do Dia da Consci\u00eancia Negra<\/figcaption><\/figure><\/div>\n\n\n\n<p>537 \u2013 Jardim das Tulipas \u2013 Terminal Central<br>540 \u2013 Almerinda Chaves \u2013 Terminal Eloy Chaves<br>544 \u2013 Residencial Jundia\u00ed 1 \u2013 Terminal Eloy Chaves<br>545 \u2013 Residencial Jundia\u00ed 2 \u2013 Terminal Eloy Chaves<br>571 \u2013 Jardim das Tulipas \u2013 Terminal Hortol\u00e2ndia<br>579 \u2013 Novo Horizonte \u2013 Terminal Hortol\u00e2ndia<br>712 \u2013 Jardim Guanabara \u2013 Terminal Vila Arens<br>719 \u2013 Terminal Vila Arens \u2013 Vetor Oeste<br>840 \u2013 Vetor Oeste \u2013 Distrito Industrial<br>850 \u2013 Ivoturucaia \u2013 Distrito Industrial<br>860 \u2013 Vila Nambi \u2013 Distrito Industrial<br>880 \u2013 Vila Cristo \u2013 Distrito Industrial<br>947 \u2013 Terminal Eloy Chaves \u2013 Terminal Hortol\u00e2ndia<br>974 \u2013 Terminal Hortol\u00e2ndia \u2013 Terminal Eloy Chaves<\/p>\n\n\n\n<p>\u00c9 importante lembrar que os usu\u00e1rios podem conferir informa\u00e7\u00f5es atualizadas no site do Situ (<a rel=\"noreferrer noopener\" href=\"https:\/\/situ.jundiai.sp.gov.br\/\" target=\"_blank\">https:\/\/situ.jundiai.sp.gov.br\/<\/a>), e contam com o aplicativo CittaMobi que permite ver a localiza\u00e7\u00e3o do \u00f4nibus em tempo real. A atualiza\u00e7\u00e3o dos hor\u00e1rios \u00e9 autom\u00e1tica e possibilita a consulta dos itiner\u00e1rios.<\/p>\n\n\n\n<p><em>(Fonte\/Imagem: Prefeitura de Jundia\u00ed)<\/em><\/p>\n\n\n\n<p><\/p>\n","protected":false},"excerpt":{"rendered":"<p>Linhas ter\u00e3o readequa\u00e7\u00e3o nesta sexta (20), no Dia da Consci\u00eancia Negra<\/p>\n","protected":false},"author":18,"featured_media":66053,"comment_status":"closed","ping_status":"closed","sticky":false,"template":"","format":"standard","meta":{"footnotes":""},"categories":[2834,29,5697,1],"tags":[],"class_list":["post-66051","post","type-post","status-publish","format-standard","has-post-thumbnail","hentry","category-cidades","category-destaque","category-mobilidade-noticias","category-noticias"],"_links":{"self":[{"href":"https:\/\/tvtecjundiai.com.br\/news\/wp-json\/wp\/v2\/posts\/66051","targetHints":{"allow":["GET"]}}],"collection":[{"href":"https:\/\/tvtecjundiai.com.br\/news\/wp-json\/wp\/v2\/posts"}],"about":[{"href":"https:\/\/tvtecjundiai.com.br\/news\/wp-json\/wp\/v2\/types\/post"}],"author":[{"embeddable":true,"href":"https:\/\/tvtecjundiai.com.br\/news\/wp-json\/wp\/v2\/users\/18"}],"replies":[{"embeddable":true,"href":"https:\/\/tvtecjundiai.com.br\/news\/wp-json\/wp\/v2\/comments?post=66051"}],"version-history":[{"count":4,"href":"https:\/\/tvtecjundiai.com.br\/news\/wp-json\/wp\/v2\/posts\/66051\/revisions"}],"predecessor-version":[{"id":66058,"href":"https:\/\/tvtecjundiai.com.br\/news\/wp-json\/wp\/v2\/posts\/66051\/revisions\/66058"}],"wp:featuredmedia":[{"embeddable":true,"href":"https:\/\/tvtecjundiai.com.br\/news\/wp-json\/wp\/v2\/media\/66053"}],"wp:attachment":[{"href":"https:\/\/tvtecjundiai.com.br\/news\/wp-json\/wp\/v2\/media?parent=66051"}],"wp:term":[{"taxonomy":"category","embeddable":true,"href":"https:\/\/tvtecjundiai.com.br\/news\/wp-json\/wp\/v2\/categories?post=66051"},{"taxonomy":"post_tag","embeddable":true,"href":"https:\/\/tvtecjundiai.com.br\/news\/wp-json\/wp\/v2\/tags?post=66051"}],"curies":[{"name":"wp","href":"https:\/\/api.w.org\/{rel}","templated":true}]}}