{"id":6608,"date":"2018-02-20T12:09:14","date_gmt":"2018-02-20T15:09:14","guid":{"rendered":"https:\/\/tvtecjundiai.com.br\/news\/?p=6608"},"modified":"2018-02-20T12:09:14","modified_gmt":"2018-02-20T15:09:14","slug":"educacao-selecionados-no-prouni-tem-ate-dia-23-para-comprovar-dados","status":"publish","type":"post","link":"https:\/\/tvtecjundiai.com.br\/news\/2018\/02\/20\/educacao-selecionados-no-prouni-tem-ate-dia-23-para-comprovar-dados\/","title":{"rendered":"Educa\u00e7\u00e3o: selecionados no Prouni t\u00eam at\u00e9 dia 23 para comprovar dados"},"content":{"rendered":"<div id=\"attachment_6610\" style=\"width: 410px\" class=\"wp-caption alignright\"><a href=\"https:\/\/tvtecjundiai.com.br\/news\/wp-content\/uploads\/sites\/2\/2018\/02\/vestibular-419236.jpg\"><img loading=\"lazy\" decoding=\"async\" aria-describedby=\"caption-attachment-6610\" class=\"wp-image-6610\" src=\"https:\/\/tvtecjundiai.com.br\/news\/wp-content\/uploads\/sites\/2\/2018\/02\/vestibular-419236-300x198.jpg\" alt=\"\" width=\"400\" height=\"265\" srcset=\"https:\/\/tvtecjundiai.com.br\/news\/wp-content\/uploads\/sites\/2\/2018\/02\/vestibular-419236-300x198.jpg 300w, https:\/\/tvtecjundiai.com.br\/news\/wp-content\/uploads\/sites\/2\/2018\/02\/vestibular-419236.jpg 768w\" sizes=\"auto, (max-width: 400px) 100vw, 400px\" \/><\/a><p id=\"caption-attachment-6610\" class=\"wp-caption-text\">A segunda chamada est\u00e1 prevista para 2 de mar\u00e7o<\/p><\/div>\n<p>Termina nesta sexta-feira (23) o prazo para comprova\u00e7\u00e3o dos dados dos candidatos pr\u00e9-aprovados na primeira chamada do Programa Universidade para Todos (ProUni). A confirma\u00e7\u00e3o das informa\u00e7\u00f5es \u00e9 requisito para garantir a vaga e deve ser feita na universidade onde o candidato vai estudar.<\/p>\n<p>Os dados que devem ser comprovadas dizem respeito ao cadastro e \u00e0 renda, tanto do candidato quanto de seu grupo familiar e prova de resid\u00eancia, entre outros. De acordo com o Minist\u00e9rio da Educa\u00e7\u00e3o (MEC), os candidatos devem ficar atentos e se informar nas institui\u00e7\u00f5es de ensino sobre os documentos, pois informa\u00e7\u00f5es complementares poder\u00e3o ser solicitadas.<\/p>\n<p>O ProUni oferece bolsas de estudo integrais e parciais em cursos de gradua\u00e7\u00e3o de institui\u00e7\u00f5es privadas de educa\u00e7\u00e3o superior. Nesta edi\u00e7\u00e3o, foram ofertadas aproximadamente 243 mil bolsas, sendo 113.863 integrais e 129.124 parciais.<\/p>\n<p>O processo seletivo do ProUni \u00e9 composto por duas chamadas sucessivas. A segunda chamada est\u00e1 prevista para 2 de mar\u00e7o. No mesmo dia tem in\u00edcio o prazo para comprova\u00e7\u00e3o de informa\u00e7\u00f5es da segunda chamada, que vai at\u00e9 9 de mar\u00e7o. Em caso de n\u00e3o aprova\u00e7\u00e3o, o prazo para manifestar interesse na lista de espera \u00e9 de 16 a 19 de mar\u00e7o.<\/p>\n<p><em>(Fonte: Ag\u00eancia Brasil)<\/em><\/p>\n","protected":false},"excerpt":{"rendered":"<p>Prazo \u00e9 para candidatos pr\u00e9-aprovados na primeira chamada do programa<\/p>\n","protected":false},"author":10,"featured_media":6610,"comment_status":"closed","ping_status":"closed","sticky":false,"template":"","format":"standard","meta":{"footnotes":""},"categories":[29,1],"tags":[1903,21,2168,15],"class_list":["post-6608","post","type-post","status-publish","format-standard","has-post-thumbnail","hentry","category-destaque","category-noticias","tag-brasil","tag-educacao","tag-prouni","tag-tvtec"],"_links":{"self":[{"href":"https:\/\/tvtecjundiai.com.br\/news\/wp-json\/wp\/v2\/posts\/6608","targetHints":{"allow":["GET"]}}],"collection":[{"href":"https:\/\/tvtecjundiai.com.br\/news\/wp-json\/wp\/v2\/posts"}],"about":[{"href":"https:\/\/tvtecjundiai.com.br\/news\/wp-json\/wp\/v2\/types\/post"}],"author":[{"embeddable":true,"href":"https:\/\/tvtecjundiai.com.br\/news\/wp-json\/wp\/v2\/users\/10"}],"replies":[{"embeddable":true,"href":"https:\/\/tvtecjundiai.com.br\/news\/wp-json\/wp\/v2\/comments?post=6608"}],"version-history":[{"count":2,"href":"https:\/\/tvtecjundiai.com.br\/news\/wp-json\/wp\/v2\/posts\/6608\/revisions"}],"predecessor-version":[{"id":6612,"href":"https:\/\/tvtecjundiai.com.br\/news\/wp-json\/wp\/v2\/posts\/6608\/revisions\/6612"}],"wp:featuredmedia":[{"embeddable":true,"href":"https:\/\/tvtecjundiai.com.br\/news\/wp-json\/wp\/v2\/media\/6610"}],"wp:attachment":[{"href":"https:\/\/tvtecjundiai.com.br\/news\/wp-json\/wp\/v2\/media?parent=6608"}],"wp:term":[{"taxonomy":"category","embeddable":true,"href":"https:\/\/tvtecjundiai.com.br\/news\/wp-json\/wp\/v2\/categories?post=6608"},{"taxonomy":"post_tag","embeddable":true,"href":"https:\/\/tvtecjundiai.com.br\/news\/wp-json\/wp\/v2\/tags?post=6608"}],"curies":[{"name":"wp","href":"https:\/\/api.w.org\/{rel}","templated":true}]}}