{"id":66161,"date":"2020-11-18T15:08:59","date_gmt":"2020-11-18T18:08:59","guid":{"rendered":"https:\/\/tvtecjundiai.com.br\/news\/?p=66161"},"modified":"2020-11-18T15:09:03","modified_gmt":"2020-11-18T18:09:03","slug":"prefeito-luiz-fernando-visita-ambulatorio-de-saude-da-mulher","status":"publish","type":"post","link":"https:\/\/tvtecjundiai.com.br\/news\/2020\/11\/18\/prefeito-luiz-fernando-visita-ambulatorio-de-saude-da-mulher\/","title":{"rendered":"Prefeito Luiz Fernando visita  Ambulat\u00f3rio de Sa\u00fade da Mulher"},"content":{"rendered":"\n<p>O prefeito reeleito Luiz Fernando Machado, acompanhado do vice-prefeito eleito Gustavo Martinelli, visitaram as novas instala\u00e7\u00f5es do Ambulat\u00f3rio de Sa\u00fade da Mulher, instalado no complexo do Hospital Universit\u00e1rio (HU), na manh\u00e3 da \u00faltima segunda-feira (16). Entregue no in\u00edcio de novembro, o espa\u00e7o oferece conforto, ambi\u00eancia e acessibilidade para as usu\u00e1rias.<\/p>\n\n\n\n<div class=\"wp-block-image is-style-default\"><figure class=\"alignright size-large is-resized\"><a href=\"https:\/\/tvtecjundiai.com.br\/news\/wp-content\/uploads\/sites\/2\/2020\/11\/prefeito-visita-ambulatorio-da-mulher-no-hu_c_-58.jpg\"><img loading=\"lazy\" decoding=\"async\" src=\"https:\/\/tvtecjundiai.com.br\/news\/wp-content\/uploads\/sites\/2\/2020\/11\/prefeito-visita-ambulatorio-da-mulher-no-hu_c_-58.jpg\" alt=\"\" class=\"wp-image-66173\" width=\"367\" height=\"244\" srcset=\"https:\/\/tvtecjundiai.com.br\/news\/wp-content\/uploads\/sites\/2\/2020\/11\/prefeito-visita-ambulatorio-da-mulher-no-hu_c_-58.jpg 992w, https:\/\/tvtecjundiai.com.br\/news\/wp-content\/uploads\/sites\/2\/2020\/11\/prefeito-visita-ambulatorio-da-mulher-no-hu_c_-58-300x200.jpg 300w, https:\/\/tvtecjundiai.com.br\/news\/wp-content\/uploads\/sites\/2\/2020\/11\/prefeito-visita-ambulatorio-da-mulher-no-hu_c_-58-768x512.jpg 768w\" sizes=\"auto, (max-width: 367px) 100vw, 367px\" \/><\/a><figcaption>Reforma adequou o pr\u00e9dio para a acessibilidade e conforto para os atendimentos<\/figcaption><\/figure><\/div>\n\n\n\n<p>Com nove consult\u00f3rios completos, inclusive com lavabo para a troca de roupa da paciente, o atendimento para patologias de m\u00e9dia complexidade em pr\u00e9-natal de alto risco, cirurgia ginecol\u00f3gica, colposcopia, uroginecologia, planejamento familiar e viol\u00eancia sexual, ser\u00e1 realizado em ambiente com ar condicionado, ambi\u00eancia renovada e com hor\u00e1rios agendados.<\/p>\n\n\n\n<p>O investimento na reforma e mobili\u00e1rio foi de R$ 352 mil, feito pela Faculdade de Medicina de Jundia\u00ed (FMJ), que atua em parceria com o atendimento dos casos de alta complexidade, na extens\u00e3o do Ambulat\u00f3rio de Sa\u00fade da Mulher conhecido como \u2018Saudinha\u2019. <\/p>\n\n\n\n<p>\u201cAl\u00e9m de todo o atendimento que j\u00e1 \u00e9 conhecido para as mulheres, com a reforma, foi poss\u00edvel incluir espa\u00e7o adequado para a Escuta Especializada, servi\u00e7o que atende v\u00edtimas de viol\u00eancia, inclusive crian\u00e7as, que j\u00e1 contar\u00e3o com todo o aparato especializado aportado pelo hospital, no mesmo complexo de atendimento\u201d, explica, Tiago Texera, gestor da Unidade de Gest\u00e3o de Promo\u00e7\u00e3o da Sa\u00fade (UGPS).<\/p>\n\n\n\n<div class=\"wp-block-image is-style-default\"><figure class=\"alignleft size-large is-resized\"><a href=\"https:\/\/tvtecjundiai.com.br\/news\/wp-content\/uploads\/sites\/2\/2020\/11\/ambulatorio_saude_da_mulher-29.jpg\"><img loading=\"lazy\" decoding=\"async\" src=\"https:\/\/tvtecjundiai.com.br\/news\/wp-content\/uploads\/sites\/2\/2020\/11\/ambulatorio_saude_da_mulher-29-1200x800.jpg\" alt=\"\" class=\"wp-image-66179\" width=\"295\" height=\"197\" srcset=\"https:\/\/tvtecjundiai.com.br\/news\/wp-content\/uploads\/sites\/2\/2020\/11\/ambulatorio_saude_da_mulher-29-1200x800.jpg 1200w, https:\/\/tvtecjundiai.com.br\/news\/wp-content\/uploads\/sites\/2\/2020\/11\/ambulatorio_saude_da_mulher-29-300x200.jpg 300w, https:\/\/tvtecjundiai.com.br\/news\/wp-content\/uploads\/sites\/2\/2020\/11\/ambulatorio_saude_da_mulher-29-768x512.jpg 768w, https:\/\/tvtecjundiai.com.br\/news\/wp-content\/uploads\/sites\/2\/2020\/11\/ambulatorio_saude_da_mulher-29.jpg 1280w\" sizes=\"auto, (max-width: 295px) 100vw, 295px\" \/><\/a><figcaption>O investimento na reforma e mobili\u00e1rio foi de R$ 352 mil<\/figcaption><\/figure><\/div>\n\n\n\n<p>Para completar o espa\u00e7o de atendimento feminino, um espa\u00e7o para a realiza\u00e7\u00e3o de exames de ultrassom est\u00e1 sendo projetado para os pr\u00f3ximos meses. A m\u00e9dia de atendimentos do Ambulat\u00f3rio de Sa\u00fade da Mulher \u00e9 de 2,5 mil atendimentos, at\u00e9 mar\u00e7o de 2020. <\/p>\n\n\n\n<p>Com a pandemia, o n\u00famero teve de ser reduzido em virtude da necessidade de distanciamento e higieniza\u00e7\u00e3o dos ambientes a cada paciente. Com a inflex\u00e3o da curva da pandemia do Novo Coronav\u00edrus, o atendimento superar\u00e1 os 75% da produ\u00e7\u00e3o realizada no mesmo per\u00edodo do ano passado.<\/p>\n\n\n\n<p><em>(Fonte\/Foto: Prefeitura de Jundia\u00ed)<\/em><\/p>\n","protected":false},"excerpt":{"rendered":"<p>Reforma adequou o pr\u00e9dio para a acessibilidade e conforto para os atendimentos<\/p>\n","protected":false},"author":14,"featured_media":66173,"comment_status":"closed","ping_status":"closed","sticky":false,"template":"","format":"standard","meta":{"footnotes":""},"categories":[1,2839],"tags":[5,624],"class_list":["post-66161","post","type-post","status-publish","format-standard","has-post-thumbnail","hentry","category-noticias","category-saude","tag-jundiai","tag-saude-da-mulher"],"_links":{"self":[{"href":"https:\/\/tvtecjundiai.com.br\/news\/wp-json\/wp\/v2\/posts\/66161","targetHints":{"allow":["GET"]}}],"collection":[{"href":"https:\/\/tvtecjundiai.com.br\/news\/wp-json\/wp\/v2\/posts"}],"about":[{"href":"https:\/\/tvtecjundiai.com.br\/news\/wp-json\/wp\/v2\/types\/post"}],"author":[{"embeddable":true,"href":"https:\/\/tvtecjundiai.com.br\/news\/wp-json\/wp\/v2\/users\/14"}],"replies":[{"embeddable":true,"href":"https:\/\/tvtecjundiai.com.br\/news\/wp-json\/wp\/v2\/comments?post=66161"}],"version-history":[{"count":4,"href":"https:\/\/tvtecjundiai.com.br\/news\/wp-json\/wp\/v2\/posts\/66161\/revisions"}],"predecessor-version":[{"id":66182,"href":"https:\/\/tvtecjundiai.com.br\/news\/wp-json\/wp\/v2\/posts\/66161\/revisions\/66182"}],"wp:featuredmedia":[{"embeddable":true,"href":"https:\/\/tvtecjundiai.com.br\/news\/wp-json\/wp\/v2\/media\/66173"}],"wp:attachment":[{"href":"https:\/\/tvtecjundiai.com.br\/news\/wp-json\/wp\/v2\/media?parent=66161"}],"wp:term":[{"taxonomy":"category","embeddable":true,"href":"https:\/\/tvtecjundiai.com.br\/news\/wp-json\/wp\/v2\/categories?post=66161"},{"taxonomy":"post_tag","embeddable":true,"href":"https:\/\/tvtecjundiai.com.br\/news\/wp-json\/wp\/v2\/tags?post=66161"}],"curies":[{"name":"wp","href":"https:\/\/api.w.org\/{rel}","templated":true}]}}