{"id":66163,"date":"2020-11-18T14:49:11","date_gmt":"2020-11-18T17:49:11","guid":{"rendered":"https:\/\/tvtecjundiai.com.br\/news\/?p=66163"},"modified":"2020-11-18T14:52:05","modified_gmt":"2020-11-18T17:52:05","slug":"novo-predio-do-forum-trabalhista-e-inaugurado","status":"publish","type":"post","link":"https:\/\/tvtecjundiai.com.br\/news\/2020\/11\/18\/novo-predio-do-forum-trabalhista-e-inaugurado\/","title":{"rendered":"F\u00f3rum Trabalhista tem novo pr\u00e9dio para atendimento"},"content":{"rendered":"\n<p>Em cerim\u00f4nia com a presen\u00e7a de autoridades de Jundia\u00ed e regi\u00e3o, foi inaugurado o novo pr\u00e9dio do F\u00f3rum Trabalhista, localizado na avenida Carlos Salles Bloch, 56, Anhangaba\u00fa. O prefeito reeleito Luiz Fernando Machado esteve presente na solenidade, junto com gestores da Prefeitura de Jundia\u00ed.<\/p>\n\n\n\n<div class=\"wp-block-image\"><figure class=\"alignright size-large is-resized\"><a href=\"https:\/\/tvtecjundiai.com.br\/news\/wp-content\/uploads\/sites\/2\/2020\/11\/prefeito-participa-da-inauguracao-do-forum-trabalhista_c_-30-1280x853-1.jpg\"><img loading=\"lazy\" decoding=\"async\" src=\"https:\/\/tvtecjundiai.com.br\/news\/wp-content\/uploads\/sites\/2\/2020\/11\/prefeito-participa-da-inauguracao-do-forum-trabalhista_c_-30-1280x853-1-1200x800.jpg\" alt=\"\" class=\"wp-image-66165\" width=\"431\" height=\"287\" srcset=\"https:\/\/tvtecjundiai.com.br\/news\/wp-content\/uploads\/sites\/2\/2020\/11\/prefeito-participa-da-inauguracao-do-forum-trabalhista_c_-30-1280x853-1-1200x800.jpg 1200w, https:\/\/tvtecjundiai.com.br\/news\/wp-content\/uploads\/sites\/2\/2020\/11\/prefeito-participa-da-inauguracao-do-forum-trabalhista_c_-30-1280x853-1-300x200.jpg 300w, https:\/\/tvtecjundiai.com.br\/news\/wp-content\/uploads\/sites\/2\/2020\/11\/prefeito-participa-da-inauguracao-do-forum-trabalhista_c_-30-1280x853-1-768x512.jpg 768w, https:\/\/tvtecjundiai.com.br\/news\/wp-content\/uploads\/sites\/2\/2020\/11\/prefeito-participa-da-inauguracao-do-forum-trabalhista_c_-30-1280x853-1.jpg 1280w\" sizes=\"auto, (max-width: 431px) 100vw, 431px\" \/><\/a><figcaption>Prefeito participa da inaugura\u00e7\u00e3o do F\u00f3rum Trabalhista <\/figcaption><\/figure><\/div>\n\n\n\n<p>\u201cJundia\u00ed \u00e9 uma pot\u00eancia no Estado de S\u00e3o Paulo e no Brasil, grande empregadora, com mais de 850 mil empresas e respons\u00e1vel por 2,5% da arrecada\u00e7\u00e3o paulista. Esta nova instala\u00e7\u00e3o se adequa \u00e0s necessidades da cidade e da regi\u00e3o, n\u00e3o somente para os que aqui trabalham como para aqueles que buscam pelo atendimento\u201d, comenta.<\/p>\n\n\n\n<p>O pr\u00e9dio, de oito pavimentos, tem \u00e1rea de 3,6 mil metros quadrados e permite melhor distribui\u00e7\u00e3o das atividades do F\u00f3rum, inclusive com o Centro Judici\u00e1rio de Solu\u00e7\u00e3o de Conflitos e Cidadania (Cejusc) de Jundia\u00ed, a Divis\u00e3o de Execu\u00e7\u00e3o, al\u00e9m de mini audit\u00f3rio. As atuais quatro varas est\u00e3o distribu\u00eddas entre o segundo e o s\u00e9timo pavimentos, de maneira que as duas salas de audi\u00eancia e os dois gabinetes de cada ocupem um andar inteiro.<\/p>\n\n\n\n<p>A desembargadora do Tribunal Regional do Trabalho da 15\u00aa Regi\u00e3o, Gisela Rodrigues Magalh\u00e3es de Araujo e Moraes, esteve presente e destacou a import\u00e2ncia da cidade no cen\u00e1rio judici\u00e1rio. \u201cA Vara do Trabalho de Jundia\u00ed \u00e9 uma das mais antigas criadas. O espa\u00e7o que hoje \u00e9 entregue para uso da popula\u00e7\u00e3o e dos servidores, oferece completa estrutura para o atendimento, seguran\u00e7a e conforto.<\/p>\n\n\n\n<p><em>(Fonte\/ Imagem: Prefeitura de Jundia\u00ed)<\/em><\/p>\n","protected":false},"excerpt":{"rendered":"<p>Prefeito Luiz Fernando Machado participou da inaugura\u00e7\u00e3o<\/p>\n","protected":false},"author":18,"featured_media":66166,"comment_status":"closed","ping_status":"closed","sticky":false,"template":"","format":"standard","meta":{"footnotes":""},"categories":[2834,1],"tags":[8000,5],"class_list":["post-66163","post","type-post","status-publish","format-standard","has-post-thumbnail","hentry","category-cidades","category-noticias","tag-forum-trabalhista","tag-jundiai"],"_links":{"self":[{"href":"https:\/\/tvtecjundiai.com.br\/news\/wp-json\/wp\/v2\/posts\/66163","targetHints":{"allow":["GET"]}}],"collection":[{"href":"https:\/\/tvtecjundiai.com.br\/news\/wp-json\/wp\/v2\/posts"}],"about":[{"href":"https:\/\/tvtecjundiai.com.br\/news\/wp-json\/wp\/v2\/types\/post"}],"author":[{"embeddable":true,"href":"https:\/\/tvtecjundiai.com.br\/news\/wp-json\/wp\/v2\/users\/18"}],"replies":[{"embeddable":true,"href":"https:\/\/tvtecjundiai.com.br\/news\/wp-json\/wp\/v2\/comments?post=66163"}],"version-history":[{"count":4,"href":"https:\/\/tvtecjundiai.com.br\/news\/wp-json\/wp\/v2\/posts\/66163\/revisions"}],"predecessor-version":[{"id":66172,"href":"https:\/\/tvtecjundiai.com.br\/news\/wp-json\/wp\/v2\/posts\/66163\/revisions\/66172"}],"wp:featuredmedia":[{"embeddable":true,"href":"https:\/\/tvtecjundiai.com.br\/news\/wp-json\/wp\/v2\/media\/66166"}],"wp:attachment":[{"href":"https:\/\/tvtecjundiai.com.br\/news\/wp-json\/wp\/v2\/media?parent=66163"}],"wp:term":[{"taxonomy":"category","embeddable":true,"href":"https:\/\/tvtecjundiai.com.br\/news\/wp-json\/wp\/v2\/categories?post=66163"},{"taxonomy":"post_tag","embeddable":true,"href":"https:\/\/tvtecjundiai.com.br\/news\/wp-json\/wp\/v2\/tags?post=66163"}],"curies":[{"name":"wp","href":"https:\/\/api.w.org\/{rel}","templated":true}]}}