{"id":66278,"date":"2020-11-19T14:48:16","date_gmt":"2020-11-19T17:48:16","guid":{"rendered":"https:\/\/tvtecjundiai.com.br\/news\/?p=66278"},"modified":"2020-11-19T14:49:58","modified_gmt":"2020-11-19T17:49:58","slug":"feriado-sera-de-ceu-nublado-e-chuvas-isoladas-em-jundiai","status":"publish","type":"post","link":"https:\/\/tvtecjundiai.com.br\/news\/2020\/11\/19\/feriado-sera-de-ceu-nublado-e-chuvas-isoladas-em-jundiai\/","title":{"rendered":"Feriado ser\u00e1 de c\u00e9u nublado e chuvas isoladas em Jundia\u00ed"},"content":{"rendered":"\n<p>O feriado de sexta-feira (20), Dia da Consci\u00eancia Negra, em Jundia\u00ed, deve ser nublado com chuvas isoladas durante todo o per\u00edodo. A temperatura sobe em rela\u00e7\u00e3o ao dia anterior, mas vai variar entre a m\u00ednima de 11\u00ba C e a m\u00e1xima de 21\u00ba C.<\/p>\n\n\n\n<p>Ser\u00e1 um dia \u00famido &#8211; a umidade deve variar de 50% a 100% &#8211; com ventos de intensidade moderada, de Sudeste para Oeste, que ampliam a sensa\u00e7\u00e3o t\u00e9rmica de frio. <\/p>\n\n\n\n<figure class=\"wp-block-image size-large is-style-default\"><img loading=\"lazy\" decoding=\"async\" width=\"594\" height=\"445\" src=\"https:\/\/tvtecjundiai.com.br\/news\/wp-content\/uploads\/sites\/2\/2020\/11\/Jd.-Pacaembu-Rafael-Porcari.png\" alt=\"\" class=\"wp-image-66344\" srcset=\"https:\/\/tvtecjundiai.com.br\/news\/wp-content\/uploads\/sites\/2\/2020\/11\/Jd.-Pacaembu-Rafael-Porcari.png 594w, https:\/\/tvtecjundiai.com.br\/news\/wp-content\/uploads\/sites\/2\/2020\/11\/Jd.-Pacaembu-Rafael-Porcari-300x225.png 300w\" sizes=\"auto, (max-width: 594px) 100vw, 594px\" \/><\/figure>\n\n\n\n<p><em>(Fonte: Inmet\/ Imagem: Rafael Porcari)<\/em><\/p>\n","protected":false},"excerpt":{"rendered":"<p>Temperaturas variam entre a m\u00ednima de 11\u00baC e a m\u00e1xima de 21\u00baC<\/p>\n","protected":false},"author":18,"featured_media":66344,"comment_status":"closed","ping_status":"closed","sticky":false,"template":"","format":"standard","meta":{"footnotes":""},"categories":[2834,3185,29,1],"tags":[114,169,5],"class_list":["post-66278","post","type-post","status-publish","format-standard","has-post-thumbnail","hentry","category-cidades","category-clima","category-destaque","category-noticias","tag-clima","tag-feriado","tag-jundiai"],"_links":{"self":[{"href":"https:\/\/tvtecjundiai.com.br\/news\/wp-json\/wp\/v2\/posts\/66278","targetHints":{"allow":["GET"]}}],"collection":[{"href":"https:\/\/tvtecjundiai.com.br\/news\/wp-json\/wp\/v2\/posts"}],"about":[{"href":"https:\/\/tvtecjundiai.com.br\/news\/wp-json\/wp\/v2\/types\/post"}],"author":[{"embeddable":true,"href":"https:\/\/tvtecjundiai.com.br\/news\/wp-json\/wp\/v2\/users\/18"}],"replies":[{"embeddable":true,"href":"https:\/\/tvtecjundiai.com.br\/news\/wp-json\/wp\/v2\/comments?post=66278"}],"version-history":[{"count":2,"href":"https:\/\/tvtecjundiai.com.br\/news\/wp-json\/wp\/v2\/posts\/66278\/revisions"}],"predecessor-version":[{"id":66346,"href":"https:\/\/tvtecjundiai.com.br\/news\/wp-json\/wp\/v2\/posts\/66278\/revisions\/66346"}],"wp:featuredmedia":[{"embeddable":true,"href":"https:\/\/tvtecjundiai.com.br\/news\/wp-json\/wp\/v2\/media\/66344"}],"wp:attachment":[{"href":"https:\/\/tvtecjundiai.com.br\/news\/wp-json\/wp\/v2\/media?parent=66278"}],"wp:term":[{"taxonomy":"category","embeddable":true,"href":"https:\/\/tvtecjundiai.com.br\/news\/wp-json\/wp\/v2\/categories?post=66278"},{"taxonomy":"post_tag","embeddable":true,"href":"https:\/\/tvtecjundiai.com.br\/news\/wp-json\/wp\/v2\/tags?post=66278"}],"curies":[{"name":"wp","href":"https:\/\/api.w.org\/{rel}","templated":true}]}}