{"id":66451,"date":"2020-11-23T10:11:11","date_gmt":"2020-11-23T13:11:11","guid":{"rendered":"https:\/\/tvtecjundiai.com.br\/news\/?p=66451"},"modified":"2020-11-23T15:21:34","modified_gmt":"2020-11-23T18:21:34","slug":"analista-faz-sucesso-na-web-como-spider-man-de-jundiai-1","status":"publish","type":"post","link":"https:\/\/tvtecjundiai.com.br\/news\/2020\/11\/23\/analista-faz-sucesso-na-web-como-spider-man-de-jundiai-1\/","title":{"rendered":"Analista faz sucesso na web como &#8216;Spider-Man de Jundia\u00ed&#8217;"},"content":{"rendered":"\n<div class=\"wp-block-image is-style-default\"><figure class=\"alignleft size-large is-resized\"><a href=\"https:\/\/tvtecjundiai.com.br\/news\/wp-content\/uploads\/sites\/2\/2020\/11\/homem-aranha-jundiai.jpg\"><img loading=\"lazy\" decoding=\"async\" src=\"https:\/\/tvtecjundiai.com.br\/news\/wp-content\/uploads\/sites\/2\/2020\/11\/homem-aranha-jundiai.jpg\" alt=\"\" class=\"wp-image-66458\" width=\"325\" height=\"266\" srcset=\"https:\/\/tvtecjundiai.com.br\/news\/wp-content\/uploads\/sites\/2\/2020\/11\/homem-aranha-jundiai.jpg 597w, https:\/\/tvtecjundiai.com.br\/news\/wp-content\/uploads\/sites\/2\/2020\/11\/homem-aranha-jundiai-300x247.jpg 300w\" sizes=\"auto, (max-width: 325px) 100vw, 325px\" \/><\/a><figcaption>Conhecido como Spider-Jundia\u00ed, ele faz sucesso nas redes sociais<\/figcaption><\/figure><\/div>\n\n\n\n<p>A paix\u00e3o por super-her\u00f3is e a vontade de fazer o bem foram os impulsos que um analista de Jundia\u00ed precisava para se tornar um verdadeiro &#8220;amigo da vizinhan\u00e7a&#8221;. Conhecido como Spider-Jundia\u00ed, ele faz sucesso nas redes sociais com exemplos de solidariedade e muito bom humor.<\/p>\n\n\n\n<p>Diego Pinheiro, de 33 anos, contou que a paix\u00e3o pelo Homem-Aranha come\u00e7ou na inf\u00e2ncia mas, depois de adulto, passou a entender a mensagem por tr\u00e1s do her\u00f3i.<\/p>\n\n\n\n<p>A paix\u00e3o pelo &#8220;cabe\u00e7a de teia&#8221; era tanta que, em 2017, o analista resolveu comprar um fantasia para usar como cosplay em uma confer\u00eancia de cultura pop. Mas, ao vesti-la, percebeu que poderia mudar n\u00e3o s\u00f3 a sua vida, como a das pessoas ao seu redor.<\/p>\n\n\n\n<p>&#8220;Quando tomei ela nas m\u00e3os, a emo\u00e7\u00e3o foi grande e ali eu me senti picado pela aranha. Eu n\u00e3o iria conseguir esperar at\u00e9 dezembro para me vestir e aproveitar ela, tinha que fazer algo agora mesmo. E assim, aquela frase me fez todo sentido: com grandes poderes vem grandes responsabilidades&#8221;, afirma.<\/p>\n\n\n\n<h4 class=\"wp-block-heading\">Her\u00f3i da vida real<\/h4>\n\n\n\n<div class=\"wp-block-image is-style-default\"><figure class=\"alignright size-large is-resized\"><a href=\"https:\/\/tvtecjundiai.com.br\/news\/wp-content\/uploads\/sites\/2\/2020\/11\/homem-aranha-de-jundiai-grendacc.jpg\"><img loading=\"lazy\" decoding=\"async\" src=\"https:\/\/tvtecjundiai.com.br\/news\/wp-content\/uploads\/sites\/2\/2020\/11\/homem-aranha-de-jundiai-grendacc.jpg\" alt=\"\" class=\"wp-image-66457\" width=\"312\" height=\"305\" srcset=\"https:\/\/tvtecjundiai.com.br\/news\/wp-content\/uploads\/sites\/2\/2020\/11\/homem-aranha-de-jundiai-grendacc.jpg 599w, https:\/\/tvtecjundiai.com.br\/news\/wp-content\/uploads\/sites\/2\/2020\/11\/homem-aranha-de-jundiai-grendacc-300x294.jpg 300w\" sizes=\"auto, (max-width: 312px) 100vw, 312px\" \/><\/a><figcaption>Diego faz visitas para as crian\u00e7as que est\u00e3o internadas no Grendacc<\/figcaption><\/figure><\/div>\n\n\n\n<p>Foi ent\u00e3o que, tomado pela inspira\u00e7\u00e3o, ele decidiu procurar formas de ajudar a &#8220;vizinhan\u00e7a&#8221;, no caso, a cidade de Jundia\u00ed, onde mora. &#8220;Procurei alguns hospitais em que eu pudesse tentar ser o her\u00f3i de algu\u00e9m por um dia e depois de algumas entrevistas, o Grupo em Defesa da Crian\u00e7a com C\u00e2ncer (Grendacc) me deu uma oportunidade&#8221;, conta.<\/p>\n\n\n\n<p>Com a roupa do Homem-Aranha, Diego faz visitas para as crian\u00e7as que est\u00e3o internadas no Grendacc, como forma de mostr\u00e1-las que os super-her\u00f3is podem ser reais.<\/p>\n\n\n\n<h4 class=\"wp-block-heading\">Sucesso na web<\/h4>\n\n\n\n<p>A &#8220;vida de super-her\u00f3i&#8221; acabou fazendo ainda mais sucesso nas redes sociais. No Instagram, o analista come\u00e7ou a postar fotos em partes conhecidas da cidade, das visitas ao Grendacc e participa\u00e7\u00f5es em eventos e festas infantis.<\/p>\n\n\n\n<p>Al\u00e9m disso, a conta tamb\u00e9m \u00e9 usada para ajudar os moradores da cidade. Diariamente, o Spider-Jundia\u00ed traz imagens e pequenos textos com not\u00edcias importantes, como campanhas de doa\u00e7\u00e3o de sangue e eventos, al\u00e9m de memes para descontrair.<\/p>\n\n\n\n<p>O rapaz tamb\u00e9m aproveita para demonstrar seu amor pela Gwen &#8211; sim, tamb\u00e9m existe a Gwen Stacy da vida real. Apesar de n\u00e3o abrir m\u00e3o da rotina agitada de &#8220;protetor da cidade&#8221;, Aranha tamb\u00e9m guarda um espacinho para o amor.<\/p>\n\n\n\n<p>Confira a mat\u00e9ria da TVTEC Jundia\u00ed com o Spider-Man de Jundia\u00ed:<\/p>\n\n\n\n<figure class=\"wp-block-embed-youtube wp-block-embed is-type-video is-provider-youtube wp-embed-aspect-16-9 wp-has-aspect-ratio\"><div class=\"wp-block-embed__wrapper\">\n<iframe loading=\"lazy\" title=\"Homem-Aranha visita crian\u00e7as do Grendacc\" width=\"500\" height=\"281\" src=\"https:\/\/www.youtube.com\/embed\/cmP4lUtyeo0?feature=oembed\" frameborder=\"0\" allow=\"accelerometer; autoplay; clipboard-write; encrypted-media; gyroscope; picture-in-picture; web-share\" referrerpolicy=\"strict-origin-when-cross-origin\" allowfullscreen><\/iframe>\n<\/div><\/figure>\n\n\n\n<p><em>(Fonte: G1 Sorocaba e Jundia\u00ed\/Foto: Arquivo Pessoal)<\/em><\/p>\n","protected":false},"excerpt":{"rendered":"<p>Rapaz de 33 anos faz visitas para crian\u00e7as internadas no Grendacc<\/p>\n","protected":false},"author":14,"featured_media":66456,"comment_status":"closed","ping_status":"closed","sticky":false,"template":"","format":"standard","meta":{"footnotes":""},"categories":[1,2824],"tags":[6448,8018,5,8019],"class_list":["post-66451","post","type-post","status-publish","format-standard","has-post-thumbnail","hentry","category-noticias","category-variedades","tag-grendacc-jundiai","tag-homem-aranha-2","tag-jundiai","tag-spider-man-de-jundiai"],"_links":{"self":[{"href":"https:\/\/tvtecjundiai.com.br\/news\/wp-json\/wp\/v2\/posts\/66451","targetHints":{"allow":["GET"]}}],"collection":[{"href":"https:\/\/tvtecjundiai.com.br\/news\/wp-json\/wp\/v2\/posts"}],"about":[{"href":"https:\/\/tvtecjundiai.com.br\/news\/wp-json\/wp\/v2\/types\/post"}],"author":[{"embeddable":true,"href":"https:\/\/tvtecjundiai.com.br\/news\/wp-json\/wp\/v2\/users\/14"}],"replies":[{"embeddable":true,"href":"https:\/\/tvtecjundiai.com.br\/news\/wp-json\/wp\/v2\/comments?post=66451"}],"version-history":[{"count":2,"href":"https:\/\/tvtecjundiai.com.br\/news\/wp-json\/wp\/v2\/posts\/66451\/revisions"}],"predecessor-version":[{"id":66460,"href":"https:\/\/tvtecjundiai.com.br\/news\/wp-json\/wp\/v2\/posts\/66451\/revisions\/66460"}],"wp:featuredmedia":[{"embeddable":true,"href":"https:\/\/tvtecjundiai.com.br\/news\/wp-json\/wp\/v2\/media\/66456"}],"wp:attachment":[{"href":"https:\/\/tvtecjundiai.com.br\/news\/wp-json\/wp\/v2\/media?parent=66451"}],"wp:term":[{"taxonomy":"category","embeddable":true,"href":"https:\/\/tvtecjundiai.com.br\/news\/wp-json\/wp\/v2\/categories?post=66451"},{"taxonomy":"post_tag","embeddable":true,"href":"https:\/\/tvtecjundiai.com.br\/news\/wp-json\/wp\/v2\/tags?post=66451"}],"curies":[{"name":"wp","href":"https:\/\/api.w.org\/{rel}","templated":true}]}}