{"id":6700,"date":"2018-02-22T12:03:02","date_gmt":"2018-02-22T15:03:02","guid":{"rendered":"https:\/\/tvtecjundiai.com.br\/news\/?p=6700"},"modified":"2018-02-22T12:04:43","modified_gmt":"2018-02-22T15:04:43","slug":"educacao-pisa-sera-aplicado-em-maio-para-19-mil-estudantes","status":"publish","type":"post","link":"https:\/\/tvtecjundiai.com.br\/news\/2018\/02\/22\/educacao-pisa-sera-aplicado-em-maio-para-19-mil-estudantes\/","title":{"rendered":"Educa\u00e7\u00e3o: Pisa ser\u00e1 aplicado em maio para 19 mil estudantes"},"content":{"rendered":"<div id=\"attachment_6701\" style=\"width: 410px\" class=\"wp-caption alignright\"><a href=\"https:\/\/tvtecjundiai.com.br\/news\/wp-content\/uploads\/sites\/2\/2018\/02\/alunos-sala.jpg\"><img loading=\"lazy\" decoding=\"async\" aria-describedby=\"caption-attachment-6701\" class=\"wp-image-6701\" src=\"https:\/\/tvtecjundiai.com.br\/news\/wp-content\/uploads\/sites\/2\/2018\/02\/alunos-sala-300x196.jpg\" alt=\"\" width=\"400\" height=\"261\" srcset=\"https:\/\/tvtecjundiai.com.br\/news\/wp-content\/uploads\/sites\/2\/2018\/02\/alunos-sala-300x196.jpg 300w, https:\/\/tvtecjundiai.com.br\/news\/wp-content\/uploads\/sites\/2\/2018\/02\/alunos-sala.jpg 600w\" sizes=\"auto, (max-width: 400px) 100vw, 400px\" \/><\/a><p id=\"caption-attachment-6701\" class=\"wp-caption-text\">No Brasil, 19 mil estudantes v\u00e3o participar do Pisa neste ano<\/p><\/div>\n<p>As provas do Programa Internacional de Avalia\u00e7\u00e3o de Estudantes (Pisa) ser\u00e3o aplicadas em maio deste ano em mais de 80 pa\u00edses. No Brasil, 19 mil alunos de 661 escolas passar\u00e3o pela avalia\u00e7\u00e3o conduzida pelo Instituto Nacional de Estudos e Pesquisas Educacionais An\u00edsio Teixeira (Inep).<\/p>\n<p>O p\u00fablico-alvo do Pisa s\u00e3o estudantes de 15 anos, nascidos no ano de 2002 e matriculados a partir do 7\u00ba ano do ensino fundamental. A avalia\u00e7\u00e3o \u00e9 feita a cada tr\u00eas anos e abrange as \u00e1reas de leitura, matem\u00e1tica e ci\u00eancias.<\/p>\n<p>Tamb\u00e9m s\u00e3o coletadas informa\u00e7\u00f5es contextuais por meio de question\u00e1rios aplicados aos estudantes, professores, diretores de escola. Em 2018, pela primeira vez, os pais dos estudantes selecionados dever\u00e3o responder a um question\u00e1rio em papel.<\/p>\n<p>A partir dos resultados ser\u00e3o produzidos indicadores que contribuem para a discuss\u00e3o da qualidade da educa\u00e7\u00e3o nos pa\u00edses participantes e permitem a compara\u00e7\u00e3o da atua\u00e7\u00e3o dos estudantes e do ambiente de aprendizagem entre diferentes pa\u00edses. A divulga\u00e7\u00e3o dos dados ocorre no ano seguinte \u00e0 aplica\u00e7\u00e3o.<\/p>\n<p>Considerada a maior avalia\u00e7\u00e3o internacional em educa\u00e7\u00e3o, o Pisa \u00e9 coordenado pela Organiza\u00e7\u00e3o para Coopera\u00e7\u00e3o e Desenvolvimento Econ\u00f4mico (OCDE).<\/p>\n<p><em>(Fonte: Ag\u00eancia Brasil)<\/em><\/p>\n","protected":false},"excerpt":{"rendered":"<p>No Brasil, alunos de 661 escolas passar\u00e3o pela avalia\u00e7\u00e3o<\/p>\n","protected":false},"author":10,"featured_media":0,"comment_status":"closed","ping_status":"closed","sticky":false,"template":"","format":"standard","meta":{"footnotes":""},"categories":[29,1],"tags":[1903,21,5,2317,2318,15],"class_list":["post-6700","post","type-post","status-publish","format-standard","hentry","category-destaque","category-noticias","tag-brasil","tag-educacao","tag-jundiai","tag-pisa","tag-programa-internacional-de-avaliacao-de-estudantes","tag-tvtec"],"_links":{"self":[{"href":"https:\/\/tvtecjundiai.com.br\/news\/wp-json\/wp\/v2\/posts\/6700","targetHints":{"allow":["GET"]}}],"collection":[{"href":"https:\/\/tvtecjundiai.com.br\/news\/wp-json\/wp\/v2\/posts"}],"about":[{"href":"https:\/\/tvtecjundiai.com.br\/news\/wp-json\/wp\/v2\/types\/post"}],"author":[{"embeddable":true,"href":"https:\/\/tvtecjundiai.com.br\/news\/wp-json\/wp\/v2\/users\/10"}],"replies":[{"embeddable":true,"href":"https:\/\/tvtecjundiai.com.br\/news\/wp-json\/wp\/v2\/comments?post=6700"}],"version-history":[{"count":2,"href":"https:\/\/tvtecjundiai.com.br\/news\/wp-json\/wp\/v2\/posts\/6700\/revisions"}],"predecessor-version":[{"id":6703,"href":"https:\/\/tvtecjundiai.com.br\/news\/wp-json\/wp\/v2\/posts\/6700\/revisions\/6703"}],"wp:attachment":[{"href":"https:\/\/tvtecjundiai.com.br\/news\/wp-json\/wp\/v2\/media?parent=6700"}],"wp:term":[{"taxonomy":"category","embeddable":true,"href":"https:\/\/tvtecjundiai.com.br\/news\/wp-json\/wp\/v2\/categories?post=6700"},{"taxonomy":"post_tag","embeddable":true,"href":"https:\/\/tvtecjundiai.com.br\/news\/wp-json\/wp\/v2\/tags?post=6700"}],"curies":[{"name":"wp","href":"https:\/\/api.w.org\/{rel}","templated":true}]}}