{"id":67075,"date":"2020-11-30T14:46:37","date_gmt":"2020-11-30T17:46:37","guid":{"rendered":"https:\/\/tvtecjundiai.com.br\/news\/?p=67075"},"modified":"2020-11-30T14:46:37","modified_gmt":"2020-11-30T17:46:37","slug":"cia-jovem-de-danca-estreia-espetaculo-e-faz-bate-papo-online-na-quinta-3","status":"publish","type":"post","link":"https:\/\/tvtecjundiai.com.br\/news\/2020\/11\/30\/cia-jovem-de-danca-estreia-espetaculo-e-faz-bate-papo-online-na-quinta-3\/","title":{"rendered":"Cia. Jovem de Dan\u00e7a estreia espet\u00e1culo e faz bate-papo online na quinta (3)"},"content":{"rendered":"\n<p>A Cia. Jovem de Dan\u00e7a de Jundia\u00ed faz nesta quinta-feira (03), \u00e0s 20h, a estreia online de seu novo&nbsp;<a rel=\"noreferrer noopener\" href=\"https:\/\/www.facebook.com\/events\/172768131220088?acontext=%7B%22source%22%3A%2229%22%2C%22ref_notif_type%22%3A%22event_calendar_create%22%2C%22action_history%22%3A%22null%22%7D&amp;notif_id=1606747886200384&amp;notif_t=event_calendar_create&amp;ref=notif\" target=\"_blank\">espet\u00e1culo \u201cP.A.Q.U.I.T.A \u2013 Passos aleat\u00f3rios que um impulso te apresenta\u201d<\/a>. A transmiss\u00e3o ser\u00e1 feita pela p\u00e1gina do Facebook da&nbsp;<a rel=\"noreferrer noopener\" href=\"https:\/\/www.facebook.com\/culturajundiai\" target=\"_blank\">Unidade de Gest\u00e3o de Cultura (UGC)<\/a>. Ap\u00f3s a estreia, o diretor art\u00edstico da companhia, Alex Soares, os bailarinos e os assistentes da companhia realizam um bate-papo online nos mesmos canais, respondendo \u00e0s perguntas dos espectadores e interessados.<\/p>\n\n\n\n<div class=\"wp-block-image\"><figure class=\"alignleft size-large is-resized\"><img decoding=\"async\" src=\"https:\/\/tvtecjundiai.com.br\/news\/wp-content\/uploads\/sites\/2\/2020\/11\/retomada_ensaios_polythema_ciadanca-15-1200x801.jpg\" alt=\"\" class=\"wp-image-67076\" width=\"450\" srcset=\"https:\/\/tvtecjundiai.com.br\/news\/wp-content\/uploads\/sites\/2\/2020\/11\/retomada_ensaios_polythema_ciadanca-15-1200x801.jpg 1200w, https:\/\/tvtecjundiai.com.br\/news\/wp-content\/uploads\/sites\/2\/2020\/11\/retomada_ensaios_polythema_ciadanca-15-300x200.jpg 300w, https:\/\/tvtecjundiai.com.br\/news\/wp-content\/uploads\/sites\/2\/2020\/11\/retomada_ensaios_polythema_ciadanca-15-768x512.jpg 768w, https:\/\/tvtecjundiai.com.br\/news\/wp-content\/uploads\/sites\/2\/2020\/11\/retomada_ensaios_polythema_ciadanca-15.jpg 1280w\" sizes=\"(max-width: 1200px) 100vw, 1200px\" \/><figcaption>Para a apresenta\u00e7\u00e3o especial, os bailarinos exploraram outros espa\u00e7os do teatro al\u00e9m de seu famoso palco.<\/figcaption><\/figure><\/div>\n\n\n\n<p>As coreografias de \u201cP.A.Q.U.I.T.A\u201d, gravadas no Teatro Polytheama, trazem como trilha sonora as can\u00e7\u00f5es do famoso bal\u00e9 hom\u00f4nimo do s\u00e9culo 19, mas com passos inspirados na improvisa\u00e7\u00e3o e no trabalho que a companhia vinha desenvolvendo durante o per\u00edodo de isolamento social. Quem assistir ao espet\u00e1culo poder\u00e1 conferir tanto apresenta\u00e7\u00f5es individuais quanto dos bailarinos em grupos.<\/p>\n\n\n\n<p>Durante a grava\u00e7\u00e3o, os bailarinos seguiram as orienta\u00e7\u00f5es sanit\u00e1rias necess\u00e1rias para o enfrentamento \u00e0 pandemia.<\/p>\n\n\n\n<p>Assim como a Cia. Jovem de Dan\u00e7a, tamb\u00e9m s\u00e3o corpos art\u00edsticos ligados \u00e0 UGC a Orquestra Municipal de Jundia\u00ed, a Companhia de Teatro de Jundia\u00ed \u2013 esses vinculados ao Polytheama \u2013 e o Coral Municipal de Jundia\u00ed e o Coral Infantojuvenil \u201cCidade das Crian\u00e7as\u201d.<\/p>\n\n\n\n<p><em>(Fonte\/Imagem: Prefeitura de Jundia\u00ed)<\/em><\/p>\n","protected":false},"excerpt":{"rendered":"<p>A transmiss\u00e3o ser\u00e1 feita pela p\u00e1gina do Facebook da Cultura<\/p>\n","protected":false},"author":10,"featured_media":67076,"comment_status":"closed","ping_status":"closed","sticky":false,"template":"","format":"standard","meta":{"footnotes":""},"categories":[2834,2833,1],"tags":[],"class_list":["post-67075","post","type-post","status-publish","format-standard","has-post-thumbnail","hentry","category-cidades","category-cultura","category-noticias"],"_links":{"self":[{"href":"https:\/\/tvtecjundiai.com.br\/news\/wp-json\/wp\/v2\/posts\/67075","targetHints":{"allow":["GET"]}}],"collection":[{"href":"https:\/\/tvtecjundiai.com.br\/news\/wp-json\/wp\/v2\/posts"}],"about":[{"href":"https:\/\/tvtecjundiai.com.br\/news\/wp-json\/wp\/v2\/types\/post"}],"author":[{"embeddable":true,"href":"https:\/\/tvtecjundiai.com.br\/news\/wp-json\/wp\/v2\/users\/10"}],"replies":[{"embeddable":true,"href":"https:\/\/tvtecjundiai.com.br\/news\/wp-json\/wp\/v2\/comments?post=67075"}],"version-history":[{"count":1,"href":"https:\/\/tvtecjundiai.com.br\/news\/wp-json\/wp\/v2\/posts\/67075\/revisions"}],"predecessor-version":[{"id":67077,"href":"https:\/\/tvtecjundiai.com.br\/news\/wp-json\/wp\/v2\/posts\/67075\/revisions\/67077"}],"wp:featuredmedia":[{"embeddable":true,"href":"https:\/\/tvtecjundiai.com.br\/news\/wp-json\/wp\/v2\/media\/67076"}],"wp:attachment":[{"href":"https:\/\/tvtecjundiai.com.br\/news\/wp-json\/wp\/v2\/media?parent=67075"}],"wp:term":[{"taxonomy":"category","embeddable":true,"href":"https:\/\/tvtecjundiai.com.br\/news\/wp-json\/wp\/v2\/categories?post=67075"},{"taxonomy":"post_tag","embeddable":true,"href":"https:\/\/tvtecjundiai.com.br\/news\/wp-json\/wp\/v2\/tags?post=67075"}],"curies":[{"name":"wp","href":"https:\/\/api.w.org\/{rel}","templated":true}]}}