{"id":67324,"date":"2020-12-03T10:26:58","date_gmt":"2020-12-03T13:26:58","guid":{"rendered":"https:\/\/tvtecjundiai.com.br\/news\/?p=67324"},"modified":"2020-12-03T10:28:26","modified_gmt":"2020-12-03T13:28:26","slug":"flip-2020-comeca-nesta-quinta-com-edicao-virtual","status":"publish","type":"post","link":"https:\/\/tvtecjundiai.com.br\/news\/2020\/12\/03\/flip-2020-comeca-nesta-quinta-com-edicao-virtual\/","title":{"rendered":"Flip 2020 come\u00e7a nesta quinta com edi\u00e7\u00e3o virtual"},"content":{"rendered":"\n<p>A <a href=\"https:\/\/www.flip.org.br\/noticia\/18a-flip-edicao-virtual-de-3-a-6-de-dezembro-de-2020\/\" data-type=\"URL\" data-id=\"https:\/\/www.flip.org.br\/noticia\/18a-flip-edicao-virtual-de-3-a-6-de-dezembro-de-2020\/\">18\u00aa Festa Liter\u00e1ria Internacional de Paraty (Flip)<\/a> come\u00e7a nesta quinta-feira (3) em formato virtual, pelas redes sociais, devido \u00e0 pandemia de Coronav\u00edrus. A programa\u00e7\u00e3o ser\u00e1 composta por mesas transmitidas ao vivo em plataforma pr\u00f3pria e nas redes sociais, al\u00e9m de v\u00eddeos gravados.<\/p>\n\n\n\n<div class=\"wp-block-image\"><figure class=\"alignright size-large is-resized\"><a href=\"https:\/\/tvtecjundiai.com.br\/news\/wp-content\/uploads\/sites\/2\/2020\/12\/montagem-flip-2.jpg\"><img loading=\"lazy\" decoding=\"async\" src=\"https:\/\/tvtecjundiai.com.br\/news\/wp-content\/uploads\/sites\/2\/2020\/12\/montagem-flip-2.jpg\" alt=\"\" class=\"wp-image-67330\" width=\"421\" height=\"281\" srcset=\"https:\/\/tvtecjundiai.com.br\/news\/wp-content\/uploads\/sites\/2\/2020\/12\/montagem-flip-2.jpg 1008w, https:\/\/tvtecjundiai.com.br\/news\/wp-content\/uploads\/sites\/2\/2020\/12\/montagem-flip-2-300x200.jpg 300w, https:\/\/tvtecjundiai.com.br\/news\/wp-content\/uploads\/sites\/2\/2020\/12\/montagem-flip-2-768x512.jpg 768w\" sizes=\"auto, (max-width: 421px) 100vw, 421px\" \/><\/a><figcaption>Flip ter\u00e1 transmiss\u00e3o ao vivo pelas redes sociais<\/figcaption><\/figure><\/div>\n\n\n\n<p>&#8220;Este \u00e9 um ano at\u00edpico, por isso optamos por este formato. A Flip Virtual contar\u00e1 com uma linguagem pr\u00f3pria que respeita o sentido original e o esp\u00edrito da Festa: ser mais do que um mero evento, estabelecendo uma rela\u00e7\u00e3o duradoura e perme\u00e1vel com Paraty&#8221;, explica Mauro Munhoz, diretor art\u00edstico da Flip.<\/p>\n\n\n\n<p>A primeira noite da festa tem duas mesas, com conversas sobre literatura e m\u00fasica. O debate que abre o evento, \u00e0s 18h, fala sobre di\u00e1sporas com a autora inglesa Bernardine Evaristo, vencedora do Booker Prize 2019, e a brasileira Stephanie Borges, vencedora da categoria poesia do IV Pr\u00eamio Cepe Nacional de Literatura.<\/p>\n\n\n\n<p>Em seguida, \u00e0s 20h30, os jovens cirandeiros Fernando e Marcello Alcantara discutem a cultura cai\u00e7ara.<\/p>\n\n\n\n<p><strong>Veja abaixo a programa\u00e7\u00e3o completa:<\/strong><\/p>\n\n\n\n<p>Quinta-feira (03)<\/p>\n\n\n\n<ul class=\"wp-block-list\"><li>18h &#8211; Mesa 1 | Di\u00e1sporas com Bernardine Evaristo e Stephanie Borges<\/li><li>20h30 &#8211; Mesa 2 | Z\u00e9 Kleber: Ciranda 20h30 com Fernando e Marcello Alcantara<\/li><\/ul>\n\n\n\n<p>Sexta-feira (04)<\/p>\n\n\n\n<ul class=\"wp-block-list\"><li>16h &#8211; Mesa 3 | Florestas vivas, com Jonathan Safran Foer e M\u00e1rcia Kambeba<\/li><li>18h &#8211; Mesa 4 | Eileen para presidente!, com Eileen Myles<\/li><li>20h30 &#8211; Mesa 5 | Animais abatidos, com Pilar Quintana e Ana Paula Maia<\/li><\/ul>\n\n\n\n<p>S\u00e1bado (05)<\/p>\n\n\n\n<ul class=\"wp-block-list\"><li>16h &#8211; Mesa 6 | Sobre o autoritarismo, com Lilia Moritz Schwarcz<\/li><li>18h &#8211; Mesa 7 | Ancestralidades, com Chigozie Obioma e Itamar Vieira Junior<\/li><li>20h30 &#8211; Mesa 8 | Transi\u00e7\u00f5es, com Caetano Veloso e Paul B. Preciado<\/li><\/ul>\n\n\n\n<p>Domingo (06)<\/p>\n\n\n\n<ul class=\"wp-block-list\"><li>14h &#8211; Mesa 9 | Z\u00e9 Kleber: Sarau, com Rodrigo Cir\u00edaco e Elisa Pereira<\/li><li>16h &#8211; Mesa 10 | Batidas, com Regina Porter e Jeferson Ten\u00f3rio<\/li><li>18h &#8211; Mesa 11 | Vocigrafias insurgentes, com Danez Smith e Jota Momba\u00e7a<\/li><li>20h30 &#8211; Mesa 12 | Z\u00e9 Kleber: Slam, com Nathalia Leal e Luz Ribeiro<\/li><\/ul>\n\n\n\n<p><em>(Fonte\/ Imagem: G1)<\/em><\/p>\n\n\n\n<p><\/p>\n","protected":false},"excerpt":{"rendered":"<p>Programa\u00e7\u00e3o deste ano ser\u00e1 transmitida pelas redes sociais, devido \u00e0 pandemia<\/p>\n","protected":false},"author":18,"featured_media":67330,"comment_status":"closed","ping_status":"closed","sticky":false,"template":"","format":"standard","meta":{"footnotes":""},"categories":[2833,3076,1],"tags":[8073,8072],"class_list":["post-67324","post","type-post","status-publish","format-standard","has-post-thumbnail","hentry","category-cultura","category-entretenimento","category-noticias","tag-feira-literaria","tag-flip"],"_links":{"self":[{"href":"https:\/\/tvtecjundiai.com.br\/news\/wp-json\/wp\/v2\/posts\/67324","targetHints":{"allow":["GET"]}}],"collection":[{"href":"https:\/\/tvtecjundiai.com.br\/news\/wp-json\/wp\/v2\/posts"}],"about":[{"href":"https:\/\/tvtecjundiai.com.br\/news\/wp-json\/wp\/v2\/types\/post"}],"author":[{"embeddable":true,"href":"https:\/\/tvtecjundiai.com.br\/news\/wp-json\/wp\/v2\/users\/18"}],"replies":[{"embeddable":true,"href":"https:\/\/tvtecjundiai.com.br\/news\/wp-json\/wp\/v2\/comments?post=67324"}],"version-history":[{"count":4,"href":"https:\/\/tvtecjundiai.com.br\/news\/wp-json\/wp\/v2\/posts\/67324\/revisions"}],"predecessor-version":[{"id":67348,"href":"https:\/\/tvtecjundiai.com.br\/news\/wp-json\/wp\/v2\/posts\/67324\/revisions\/67348"}],"wp:featuredmedia":[{"embeddable":true,"href":"https:\/\/tvtecjundiai.com.br\/news\/wp-json\/wp\/v2\/media\/67330"}],"wp:attachment":[{"href":"https:\/\/tvtecjundiai.com.br\/news\/wp-json\/wp\/v2\/media?parent=67324"}],"wp:term":[{"taxonomy":"category","embeddable":true,"href":"https:\/\/tvtecjundiai.com.br\/news\/wp-json\/wp\/v2\/categories?post=67324"},{"taxonomy":"post_tag","embeddable":true,"href":"https:\/\/tvtecjundiai.com.br\/news\/wp-json\/wp\/v2\/tags?post=67324"}],"curies":[{"name":"wp","href":"https:\/\/api.w.org\/{rel}","templated":true}]}}