{"id":67627,"date":"2020-12-07T14:16:19","date_gmt":"2020-12-07T17:16:19","guid":{"rendered":"https:\/\/tvtecjundiai.com.br\/news\/?p=67627"},"modified":"2020-12-07T14:16:19","modified_gmt":"2020-12-07T17:16:19","slug":"pinguim-branco-raro-e-visto-na-ilha-de-galapagos","status":"publish","type":"post","link":"https:\/\/tvtecjundiai.com.br\/news\/2020\/12\/07\/pinguim-branco-raro-e-visto-na-ilha-de-galapagos\/","title":{"rendered":"Pinguim branco raro \u00e9 visto na ilha de Gal\u00e1pagos"},"content":{"rendered":"\n<p>O pinguim branco \u00e9 extremamente raro e provavelmente o primeiro do tipo a ser encontrado na Ilha de Gal\u00e1pagos. Imagens do animal foram feitas pelo guia\u00a0Jimmy Patino, durante visita com turistas no in\u00edcio de novembro.<\/p>\n\n\n\n<div class=\"wp-block-image\"><figure class=\"alignleft size-medium is-resized\"><a href=\"https:\/\/tvtecjundiai.com.br\/news\/wp-content\/uploads\/sites\/2\/2020\/12\/image0-3.jpeg\"><img loading=\"lazy\" decoding=\"async\" src=\"https:\/\/tvtecjundiai.com.br\/news\/wp-content\/uploads\/sites\/2\/2020\/12\/image0-3-300x205.jpeg\" alt=\"\" class=\"wp-image-67628\" width=\"437\" height=\"299\" srcset=\"https:\/\/tvtecjundiai.com.br\/news\/wp-content\/uploads\/sites\/2\/2020\/12\/image0-3-300x205.jpeg 300w, https:\/\/tvtecjundiai.com.br\/news\/wp-content\/uploads\/sites\/2\/2020\/12\/image0-3-768x525.jpeg 768w, https:\/\/tvtecjundiai.com.br\/news\/wp-content\/uploads\/sites\/2\/2020\/12\/image0-3.jpeg 828w\" sizes=\"auto, (max-width: 437px) 100vw, 437px\" \/><\/a><figcaption>A cor branca \u00e9 provavelmente causada pela chamada pigmenta\u00e7\u00e3o leuc\u00edstica, similar ao albinismo<\/figcaption><\/figure><\/div>\n\n\n\n<p>A esp\u00e9cie ainda n\u00e3o foi confirmada, mas especialistas acreditam que seja da esp\u00e9cie\u00a0<em>Spheniscus mendiculus,<\/em>\u00a0nativo da regi\u00e3o. A cor branca desse pinguim \u00e9 provavelmente causada pela chamada pigmenta\u00e7\u00e3o\u00a0leuc\u00edstica, similar ao albinismo, mas com a diferen\u00e7a de que\u00a0conserva a colora\u00e7\u00e3o original mais escura dos olhos e narinas.<\/p>\n\n\n\n<p>Segundo um porta-voz do Parque Nacional de Gal\u00e1pagos, essa \u00e9 a primeira vez que tal animal \u00e9 visto no arquip\u00e9lago. &#8220;Em Gal\u00e1pagos, houve casos de albinismo ou leucismo em tubar\u00f5es, lagartos, lagostas, tentilh\u00f5es, entre outros. \u00c9 o primeiro registro de um pinguim com essa condi\u00e7\u00e3o&#8221;, diz o comunicado oficial.<\/p>\n\n\n\n<p><em>(Fonte\/Imagem: R7)<\/em><\/p>\n","protected":false},"excerpt":{"rendered":"<p>Cor branca \u00e9 causada por pigmenta\u00e7\u00e3o similar ao albinismo<\/p>\n","protected":false},"author":17,"featured_media":67628,"comment_status":"closed","ping_status":"closed","sticky":false,"template":"","format":"standard","meta":{"footnotes":""},"categories":[5159,4665,3569,1],"tags":[7706,8101,4448],"class_list":["post-67627","post","type-post","status-publish","format-standard","has-post-thumbnail","hentry","category-ciencias","category-internacional","category-meio-ambiente","category-noticias","tag-albinismo","tag-ilha-de-galapagos","tag-pinguim"],"_links":{"self":[{"href":"https:\/\/tvtecjundiai.com.br\/news\/wp-json\/wp\/v2\/posts\/67627","targetHints":{"allow":["GET"]}}],"collection":[{"href":"https:\/\/tvtecjundiai.com.br\/news\/wp-json\/wp\/v2\/posts"}],"about":[{"href":"https:\/\/tvtecjundiai.com.br\/news\/wp-json\/wp\/v2\/types\/post"}],"author":[{"embeddable":true,"href":"https:\/\/tvtecjundiai.com.br\/news\/wp-json\/wp\/v2\/users\/17"}],"replies":[{"embeddable":true,"href":"https:\/\/tvtecjundiai.com.br\/news\/wp-json\/wp\/v2\/comments?post=67627"}],"version-history":[{"count":1,"href":"https:\/\/tvtecjundiai.com.br\/news\/wp-json\/wp\/v2\/posts\/67627\/revisions"}],"predecessor-version":[{"id":67630,"href":"https:\/\/tvtecjundiai.com.br\/news\/wp-json\/wp\/v2\/posts\/67627\/revisions\/67630"}],"wp:featuredmedia":[{"embeddable":true,"href":"https:\/\/tvtecjundiai.com.br\/news\/wp-json\/wp\/v2\/media\/67628"}],"wp:attachment":[{"href":"https:\/\/tvtecjundiai.com.br\/news\/wp-json\/wp\/v2\/media?parent=67627"}],"wp:term":[{"taxonomy":"category","embeddable":true,"href":"https:\/\/tvtecjundiai.com.br\/news\/wp-json\/wp\/v2\/categories?post=67627"},{"taxonomy":"post_tag","embeddable":true,"href":"https:\/\/tvtecjundiai.com.br\/news\/wp-json\/wp\/v2\/tags?post=67627"}],"curies":[{"name":"wp","href":"https:\/\/api.w.org\/{rel}","templated":true}]}}