{"id":6763,"date":"2018-02-23T16:11:56","date_gmt":"2018-02-23T19:11:56","guid":{"rendered":"https:\/\/tvtecjundiai.com.br\/news\/?p=6763"},"modified":"2018-02-23T16:16:01","modified_gmt":"2018-02-23T19:16:01","slug":"programacao-do-science-day-tera-oficinas-e-palestras","status":"publish","type":"post","link":"https:\/\/tvtecjundiai.com.br\/news\/2018\/02\/23\/programacao-do-science-day-tera-oficinas-e-palestras\/","title":{"rendered":"Programa\u00e7\u00e3o do Science Day ter\u00e1 oficinas e palestras"},"content":{"rendered":"<div id=\"attachment_6765\" style=\"width: 410px\" class=\"wp-caption alignright\"><a href=\"https:\/\/tvtecjundiai.com.br\/news\/wp-content\/uploads\/sites\/2\/2018\/02\/nasa-space-selfie.jpg\"><img loading=\"lazy\" decoding=\"async\" aria-describedby=\"caption-attachment-6765\" class=\"wp-image-6765\" src=\"https:\/\/tvtecjundiai.com.br\/news\/wp-content\/uploads\/sites\/2\/2018\/02\/nasa-space-selfie-300x169.jpg\" alt=\"\" width=\"400\" height=\"225\" srcset=\"https:\/\/tvtecjundiai.com.br\/news\/wp-content\/uploads\/sites\/2\/2018\/02\/nasa-space-selfie-300x169.jpg 300w, https:\/\/tvtecjundiai.com.br\/news\/wp-content\/uploads\/sites\/2\/2018\/02\/nasa-space-selfie-768x432.jpg 768w, https:\/\/tvtecjundiai.com.br\/news\/wp-content\/uploads\/sites\/2\/2018\/02\/nasa-space-selfie-1200x675.jpg 1200w, https:\/\/tvtecjundiai.com.br\/news\/wp-content\/uploads\/sites\/2\/2018\/02\/nasa-space-selfie.jpg 2048w\" sizes=\"auto, (max-width: 400px) 100vw, 400px\" \/><\/a><p id=\"caption-attachment-6765\" class=\"wp-caption-text\">Evento de ci\u00eancia e tecnologia ser\u00e1 promovido pela NASA e C\u00e2mara de Com\u00e9rcio Brasil-Florida<\/p><\/div>\n<p>No pr\u00f3ximo dia 8 de mar\u00e7o, a partir das 9h, o Parque da Uva ser\u00e1 sede de um grande evento de ci\u00eancia e tecnologia, promovido pela NASA (National Aeronautics and Space Administration) e C\u00e2mara de Com\u00e9rcio Brasil-Florida (CCBF), com patroc\u00ednio da Cijun e em parceria com a Prefeitura de Jundia\u00ed.<\/p>\n<p>Intitulado \u201cScience Day\u201d, o evento contar\u00e1 com palestras de Jefferson Michaelis e tamb\u00e9m de Michael Lester, diretor do Kennedy Space Center de Ci\u00eancia e Tecnologia, da NASA. Al\u00e9m das palestras, o Parque receber\u00e1 jovens de 8 a 20 anos com mais de 60 atra\u00e7\u00f5es cient\u00edficas \u00fanicas de escolas de Jundia\u00ed e da Nasa. Tamb\u00e9m est\u00e3o programadas oficinas de games, miss\u00f5es espaciais e biotecnologia, entre outras. N\u00e3o \u00e9 necess\u00e1ria inscri\u00e7\u00e3o pr\u00e9via para assistir \u00e0s palestras.<\/p>\n<p>De acordo com a diretora de Ci\u00eancia e Tecnologia da Prefeitura,\u00a0Mariana\u00a0Savedra, o objetivo \u00e9 fomentar o gosto e o aprendizado de jovens por STEM (Science, Technology, Engineering e Math, ou seja, ci\u00eancia, tecnologia, engenharia e matem\u00e1tica). \u201cJ\u00e1 temos a confirma\u00e7\u00e3o da participa\u00e7\u00e3o de cerca de 6 mil jovens no evento\u201d, afirma.<\/p>\n<p>O \u201cScience Day\u201d n\u00e3o ter\u00e1 custos para a Prefeitura, uma vez que cada escola e institui\u00e7\u00e3o de ensino superior que participar ficar\u00e1 respons\u00e1vel por levar seus alunos e experimentos. \u00a0A programa\u00e7\u00e3o completa das palestras pode ser conferida\u00a0<a href=\"https:\/\/www.jundiai.sp.gov.br\/noticias\/wp-content\/uploads\/sites\/32\/2018\/02\/programa-science-day-ultimaversao.pdf\" target=\"_blank\" rel=\"noopener\">neste link<\/a>\u00a0e a rela\u00e7\u00e3o de institui\u00e7\u00f5es expositoras e exposi\u00e7\u00f5es podem ser acessadas\u00a0<a href=\"https:\/\/www.jundiai.sp.gov.br\/noticias\/wp-content\/uploads\/sites\/32\/2018\/02\/science-day_experimentos.pdf\" target=\"_blank\" rel=\"noopener\">aqui<\/a>.<\/p>\n<p><em>(Fonte: Prefeitura de Jundia\u00ed)<\/em><\/p>\n","protected":false},"excerpt":{"rendered":"<p>Evento ser\u00e1 promovido em Jundia\u00ed numa parceria com a NASA<\/p>\n","protected":false},"author":10,"featured_media":6767,"comment_status":"closed","ping_status":"closed","sticky":false,"template":"","format":"standard","meta":{"footnotes":""},"categories":[29,1],"tags":[1429,5,2200,2201,353,15],"class_list":["post-6763","post","type-post","status-publish","format-standard","has-post-thumbnail","hentry","category-destaque","category-noticias","tag-ciencia","tag-jundiai","tag-nasa","tag-science-day","tag-tecnologia","tag-tvtec"],"_links":{"self":[{"href":"https:\/\/tvtecjundiai.com.br\/news\/wp-json\/wp\/v2\/posts\/6763","targetHints":{"allow":["GET"]}}],"collection":[{"href":"https:\/\/tvtecjundiai.com.br\/news\/wp-json\/wp\/v2\/posts"}],"about":[{"href":"https:\/\/tvtecjundiai.com.br\/news\/wp-json\/wp\/v2\/types\/post"}],"author":[{"embeddable":true,"href":"https:\/\/tvtecjundiai.com.br\/news\/wp-json\/wp\/v2\/users\/10"}],"replies":[{"embeddable":true,"href":"https:\/\/tvtecjundiai.com.br\/news\/wp-json\/wp\/v2\/comments?post=6763"}],"version-history":[{"count":2,"href":"https:\/\/tvtecjundiai.com.br\/news\/wp-json\/wp\/v2\/posts\/6763\/revisions"}],"predecessor-version":[{"id":6768,"href":"https:\/\/tvtecjundiai.com.br\/news\/wp-json\/wp\/v2\/posts\/6763\/revisions\/6768"}],"wp:featuredmedia":[{"embeddable":true,"href":"https:\/\/tvtecjundiai.com.br\/news\/wp-json\/wp\/v2\/media\/6767"}],"wp:attachment":[{"href":"https:\/\/tvtecjundiai.com.br\/news\/wp-json\/wp\/v2\/media?parent=6763"}],"wp:term":[{"taxonomy":"category","embeddable":true,"href":"https:\/\/tvtecjundiai.com.br\/news\/wp-json\/wp\/v2\/categories?post=6763"},{"taxonomy":"post_tag","embeddable":true,"href":"https:\/\/tvtecjundiai.com.br\/news\/wp-json\/wp\/v2\/tags?post=6763"}],"curies":[{"name":"wp","href":"https:\/\/api.w.org\/{rel}","templated":true}]}}