{"id":67765,"date":"2020-12-08T16:39:00","date_gmt":"2020-12-08T19:39:00","guid":{"rendered":"https:\/\/tvtecjundiai.com.br\/news\/?p=67765"},"modified":"2020-12-08T16:39:00","modified_gmt":"2020-12-08T19:39:00","slug":"programacao-do-31o-encontro-de-corais-de-jundiai-comeca-nesta-quarta-9","status":"publish","type":"post","link":"https:\/\/tvtecjundiai.com.br\/news\/2020\/12\/08\/programacao-do-31o-encontro-de-corais-de-jundiai-comeca-nesta-quarta-9\/","title":{"rendered":"Programa\u00e7\u00e3o do 31\u00ba Encontro de Corais de Jundia\u00ed come\u00e7a nesta quarta (9)"},"content":{"rendered":"\n<p>O&nbsp;<a rel=\"noreferrer noopener\" href=\"https:\/\/cultura.jundiai.sp.gov.br\/encontrodecorais\/\" target=\"_blank\">31\u00ba Encontro de Corais de Jundia\u00ed<\/a>&nbsp;come\u00e7a nesta quarta-feira (09) e ter\u00e1 sua programa\u00e7\u00e3o inteiramente transmitida online, pelos canais da Unidade de Gest\u00e3o de Cultura (UGC) no&nbsp;<a rel=\"noreferrer noopener\" href=\"https:\/\/www.youtube.com\/channel\/UCiciqCg3GXG2Ue3c_GI1THA\" target=\"_blank\">YouTube<\/a>&nbsp;e&nbsp;<a rel=\"noreferrer noopener\" href=\"https:\/\/www.facebook.com\/culturajundiai\/\" target=\"_blank\">Facebook<\/a>. A abertura ser\u00e1 \u00e0s 20h e ficar\u00e1 por conta do Coral Municipal de Jundia\u00ed.<\/p>\n\n\n\n<p>A programa\u00e7\u00e3o segue at\u00e9 o domingo (13), inteiramente gratuita, com as apresenta\u00e7\u00f5es, oficinas de t\u00e9cnica vocal e exibi\u00e7\u00e3o de document\u00e1rio. Al\u00e9m dos coros municipais \u2013 do Coral Municipal e do Coral Infantojuvenil \u201cCidade das Crian\u00e7as\u201d, cerca de 40 grupos participam desta edi\u00e7\u00e3o do Encontro. Est\u00e3o inscritos diversos grupos jundiaienses, al\u00e9m de coros da capital e interior do Estado de S\u00e3o Paulo (Campinas e Salto), baianos (Candeias e Salvador), cariocas (capital, Maca\u00e9, Niter\u00f3i e Nova Igua\u00e7u), paranense (Curitiba) e ga\u00facho (Porto Alegre).<\/p>\n\n\n\n<div class=\"wp-block-image\"><figure class=\"alignleft size-large is-resized\"><img decoding=\"async\" src=\"https:\/\/tvtecjundiai.com.br\/news\/wp-content\/uploads\/sites\/2\/2020\/12\/sesc_encontro_de_corais-8-1200x580.jpg\" alt=\"\" class=\"wp-image-67767\" width=\"450\" srcset=\"https:\/\/tvtecjundiai.com.br\/news\/wp-content\/uploads\/sites\/2\/2020\/12\/sesc_encontro_de_corais-8-1200x580.jpg 1200w, https:\/\/tvtecjundiai.com.br\/news\/wp-content\/uploads\/sites\/2\/2020\/12\/sesc_encontro_de_corais-8-300x145.jpg 300w, https:\/\/tvtecjundiai.com.br\/news\/wp-content\/uploads\/sites\/2\/2020\/12\/sesc_encontro_de_corais-8-768x371.jpg 768w, https:\/\/tvtecjundiai.com.br\/news\/wp-content\/uploads\/sites\/2\/2020\/12\/sesc_encontro_de_corais-8.jpg 1280w\" sizes=\"(max-width: 1200px) 100vw, 1200px\" \/><figcaption>Os coros municipais \u2013 Coral Municipal e Coral Infantojuvenil \u201cCidade das Crian\u00e7as\u201d \u2013 fazem participa\u00e7\u00f5es especiais na programa\u00e7\u00e3o<\/figcaption><\/figure><\/div>\n\n\n\n<p>A programa\u00e7\u00e3o traz ainda tr\u00eas oficinas gratuitas. A primeira delas ser\u00e1 um bate-papo ainda na quarta-feira (09), \u00e0s 19h, sobre \u201cProjetos de Canto Coral em Comunidades \u2013 Como Conciliar o Art\u00edstico e o Social\u201d, com as regentes Maria Jos\u00e9 Chevitarese e Silmara Drezza.<\/p>\n\n\n\n<p>A oficina seguinte ser\u00e1 realizada no s\u00e1bado (12), das 18h \u00e0s 19h, sobre T\u00e9cnica Vocal Infantil \u201cBrincando com a Voz\u201d, com a regente Juliana Melleiro. E a \u00faltima ser\u00e1 sobre t\u00e9cnica e express\u00e3o vocal, no domingo (13), tamb\u00e9m das 18h \u00e0s 19h, com a professora Joana Mariz.<\/p>\n\n\n\n<p>Est\u00e1 tamb\u00e9m prevista, para o domingo (13), \u00e0s 16h30, a exibi\u00e7\u00e3o do document\u00e1rio \u201cConex\u00f5es\u201d. Sob a dire\u00e7\u00e3o c\u00eanica de Vladimir Camargo, a obra retrata os esfor\u00e7os e dedica\u00e7\u00e3o dos integrantes do Coral Municipal de Jundia\u00ed para manter as atividades durante a pandemia, atrav\u00e9s de novas possibilidades e conex\u00f5es atrav\u00e9s das redes, v\u00ednculos, explora\u00e7\u00f5es e recorda\u00e7\u00f5es.<\/p>\n\n\n\n<p>Toda a programa\u00e7\u00e3o de eventos pode ser consultada no\u00a0<a rel=\"noreferrer noopener\" href=\"https:\/\/cultura.jundiai.sp.gov.br\/encontrodecorais\/\" target=\"_blank\">site do Encontro<\/a>.<\/p>\n\n\n\n<p><em>(Fonte\/Imagem: Prefeitura de Jundia\u00ed)<\/em><\/p>\n","protected":false},"excerpt":{"rendered":"<p>Totalmente gratuita, programa\u00e7\u00e3o segue at\u00e9 domingo (13)<\/p>\n","protected":false},"author":10,"featured_media":67767,"comment_status":"closed","ping_status":"closed","sticky":false,"template":"","format":"standard","meta":{"footnotes":""},"categories":[2833,1],"tags":[],"class_list":["post-67765","post","type-post","status-publish","format-standard","has-post-thumbnail","hentry","category-cultura","category-noticias"],"_links":{"self":[{"href":"https:\/\/tvtecjundiai.com.br\/news\/wp-json\/wp\/v2\/posts\/67765","targetHints":{"allow":["GET"]}}],"collection":[{"href":"https:\/\/tvtecjundiai.com.br\/news\/wp-json\/wp\/v2\/posts"}],"about":[{"href":"https:\/\/tvtecjundiai.com.br\/news\/wp-json\/wp\/v2\/types\/post"}],"author":[{"embeddable":true,"href":"https:\/\/tvtecjundiai.com.br\/news\/wp-json\/wp\/v2\/users\/10"}],"replies":[{"embeddable":true,"href":"https:\/\/tvtecjundiai.com.br\/news\/wp-json\/wp\/v2\/comments?post=67765"}],"version-history":[{"count":1,"href":"https:\/\/tvtecjundiai.com.br\/news\/wp-json\/wp\/v2\/posts\/67765\/revisions"}],"predecessor-version":[{"id":67769,"href":"https:\/\/tvtecjundiai.com.br\/news\/wp-json\/wp\/v2\/posts\/67765\/revisions\/67769"}],"wp:featuredmedia":[{"embeddable":true,"href":"https:\/\/tvtecjundiai.com.br\/news\/wp-json\/wp\/v2\/media\/67767"}],"wp:attachment":[{"href":"https:\/\/tvtecjundiai.com.br\/news\/wp-json\/wp\/v2\/media?parent=67765"}],"wp:term":[{"taxonomy":"category","embeddable":true,"href":"https:\/\/tvtecjundiai.com.br\/news\/wp-json\/wp\/v2\/categories?post=67765"},{"taxonomy":"post_tag","embeddable":true,"href":"https:\/\/tvtecjundiai.com.br\/news\/wp-json\/wp\/v2\/tags?post=67765"}],"curies":[{"name":"wp","href":"https:\/\/api.w.org\/{rel}","templated":true}]}}