{"id":67891,"date":"2020-12-10T11:05:21","date_gmt":"2020-12-10T14:05:21","guid":{"rendered":"https:\/\/tvtecjundiai.com.br\/news\/?p=67891"},"modified":"2020-12-10T11:05:21","modified_gmt":"2020-12-10T14:05:21","slug":"comercio-projeta-alta-nas-vendas-para-o-natal-em-jundiai","status":"publish","type":"post","link":"https:\/\/tvtecjundiai.com.br\/news\/2020\/12\/10\/comercio-projeta-alta-nas-vendas-para-o-natal-em-jundiai\/","title":{"rendered":"Com\u00e9rcio projeta alta nas vendas para o Natal em Jundia\u00ed"},"content":{"rendered":"\n<p>O movimento intenso de consumidores para as compras de Natal animou entidades e comerciantes de Jundia\u00ed. A expectativa \u00e9 de aumento nas vendas, mesmo com as restri\u00e7\u00f5es da fase amarela do Plano S\u00e3o Paulo de flexibiliza\u00e7\u00e3o causadas pela pandemia da Covid-19.<\/p>\n\n\n\n<div class=\"wp-block-image\"><figure class=\"alignright size-medium is-resized\"><a href=\"https:\/\/tvtecjundiai.com.br\/news\/wp-content\/uploads\/sites\/2\/2020\/12\/reproducao-facebook-maravilhas-do-lar.png\"><img loading=\"lazy\" decoding=\"async\" src=\"https:\/\/tvtecjundiai.com.br\/news\/wp-content\/uploads\/sites\/2\/2020\/12\/reproducao-facebook-maravilhas-do-lar-300x173.png\" alt=\"\" class=\"wp-image-67892\" width=\"480\" height=\"277\" srcset=\"https:\/\/tvtecjundiai.com.br\/news\/wp-content\/uploads\/sites\/2\/2020\/12\/reproducao-facebook-maravilhas-do-lar-300x173.png 300w, https:\/\/tvtecjundiai.com.br\/news\/wp-content\/uploads\/sites\/2\/2020\/12\/reproducao-facebook-maravilhas-do-lar-768x444.png 768w, https:\/\/tvtecjundiai.com.br\/news\/wp-content\/uploads\/sites\/2\/2020\/12\/reproducao-facebook-maravilhas-do-lar.png 800w\" sizes=\"auto, (max-width: 480px) 100vw, 480px\" \/><\/a><figcaption>Lojistas de Jundia\u00ed demonstram otimismo e apostam em crescimento nas vendas durante o Natal <\/figcaption><\/figure><\/div>\n\n\n\n<p>Segundo proje\u00e7\u00e3o do Sindicato do Com\u00e9rcio Varejista de Jundia\u00ed e Regi\u00e3o (Sincomercio), a expectativa da entidade \u00e9 de aumento em 4% nas vendas, quando comparado ao mesmo per\u00edodo de 2019. As incertezas causadas pela pandemia de Covid-19 impediram proje\u00e7\u00f5es mais otimistas que poderiam chegar a 10%.<\/p>\n\n\n\n<p>Ainda de acordo com a entidade, os produtos que devem ser mais procurados nas compras de Natal s\u00e3o roupas, cal\u00e7ados, perfumes, brinquedos, eletroeletr\u00f4nicos, m\u00f3veis e itens de decora\u00e7\u00e3o.<\/p>\n\n\n\n<p>As lojas do com\u00e9rcio de rua em Jundia\u00ed poder\u00e3o funcionar das 9h \u00e0s 22 h de segunda a sexta-feira, e aos s\u00e1bados e domingos das 9h \u00e0s 18h. No dia 24, v\u00e9spera do Natal, as lojas podem funcionar das 9h \u00e0s 18h. Os shoppings centers poder\u00e3o iniciar seu atendimento uma hora mais cedo, \u00e0s 9h.<\/p>\n\n\n\n<p><em>(Fonte: G1 \/ Imagem: Reprodu\u00e7\u00e3o Facebook Maravilhas do Lar)<\/em><\/p>\n","protected":false},"excerpt":{"rendered":"<p>Lojistas demonstram otimismo e apostam em crescimento nas vendas <\/p>\n","protected":false},"author":17,"featured_media":67892,"comment_status":"closed","ping_status":"closed","sticky":false,"template":"","format":"standard","meta":{"footnotes":""},"categories":[29,2829,1,2824],"tags":[588,5,742],"class_list":["post-67891","post","type-post","status-publish","format-standard","has-post-thumbnail","hentry","category-destaque","category-economia","category-noticias","category-variedades","tag-comercio","tag-jundiai","tag-natal"],"_links":{"self":[{"href":"https:\/\/tvtecjundiai.com.br\/news\/wp-json\/wp\/v2\/posts\/67891","targetHints":{"allow":["GET"]}}],"collection":[{"href":"https:\/\/tvtecjundiai.com.br\/news\/wp-json\/wp\/v2\/posts"}],"about":[{"href":"https:\/\/tvtecjundiai.com.br\/news\/wp-json\/wp\/v2\/types\/post"}],"author":[{"embeddable":true,"href":"https:\/\/tvtecjundiai.com.br\/news\/wp-json\/wp\/v2\/users\/17"}],"replies":[{"embeddable":true,"href":"https:\/\/tvtecjundiai.com.br\/news\/wp-json\/wp\/v2\/comments?post=67891"}],"version-history":[{"count":2,"href":"https:\/\/tvtecjundiai.com.br\/news\/wp-json\/wp\/v2\/posts\/67891\/revisions"}],"predecessor-version":[{"id":67894,"href":"https:\/\/tvtecjundiai.com.br\/news\/wp-json\/wp\/v2\/posts\/67891\/revisions\/67894"}],"wp:featuredmedia":[{"embeddable":true,"href":"https:\/\/tvtecjundiai.com.br\/news\/wp-json\/wp\/v2\/media\/67892"}],"wp:attachment":[{"href":"https:\/\/tvtecjundiai.com.br\/news\/wp-json\/wp\/v2\/media?parent=67891"}],"wp:term":[{"taxonomy":"category","embeddable":true,"href":"https:\/\/tvtecjundiai.com.br\/news\/wp-json\/wp\/v2\/categories?post=67891"},{"taxonomy":"post_tag","embeddable":true,"href":"https:\/\/tvtecjundiai.com.br\/news\/wp-json\/wp\/v2\/tags?post=67891"}],"curies":[{"name":"wp","href":"https:\/\/api.w.org\/{rel}","templated":true}]}}