{"id":680,"date":"2017-09-15T14:55:46","date_gmt":"2017-09-15T17:55:46","guid":{"rendered":"https:\/\/tvtecjundiai.com.br\/news\/?p=680"},"modified":"2017-09-16T16:58:38","modified_gmt":"2017-09-16T19:58:38","slug":"saude-dia-d-de-multivacinacao-ocorre-neste-sabado-16","status":"publish","type":"post","link":"https:\/\/tvtecjundiai.com.br\/news\/2017\/09\/15\/saude-dia-d-de-multivacinacao-ocorre-neste-sabado-16\/","title":{"rendered":"Sa\u00fade: Dia &#8216;D&#8217; de Multivacina\u00e7\u00e3o ocorre neste s\u00e1bado (16)"},"content":{"rendered":"<p>Jundia\u00ed abrir\u00e1 cinco Unidades B\u00e1sicas de Sa\u00fade (UBSs), no s\u00e1bado (16), para a Campanha Nacional de Multivacina\u00e7\u00e3o. O objetivo da campanha \u00e9 facilitar o acesso, dos pais e de respons\u00e1veis por crian\u00e7as e adolescentes entre 0 a 14 anos, para atualizar a carteira vacinal dos filhos. No mesmo dia estar\u00e3o dispon\u00edveis doses contra febre amarela para toda a popula\u00e7\u00e3o.<\/p>\n<div id=\"attachment_682\" style=\"width: 440px\" class=\"wp-caption alignright\"><a href=\"https:\/\/tvtecjundiai.com.br\/news\/wp-content\/uploads\/sites\/2\/2017\/09\/04-1.jpg\"><img loading=\"lazy\" decoding=\"async\" aria-describedby=\"caption-attachment-682\" class=\"wp-image-682\" src=\"https:\/\/tvtecjundiai.com.br\/news\/wp-content\/uploads\/sites\/2\/2017\/09\/04-1-300x184.jpg\" alt=\"\" width=\"430\" height=\"264\" \/><\/a><p id=\"caption-attachment-682\" class=\"wp-caption-text\">Mais de dez tipos de vacinas de rotina ser\u00e3o ofertadas para o combate de doen\u00e7as<\/p><\/div>\n<p><strong>LEIA TAMB\u00c9M:<br \/>\n<a href=\"https:\/\/tvtecjundiai.com.br\/news\/2017\/09\/15\/saude-jundiai-organiza-reuniao-para-discutir-coparticipacao-para-grendacc\/\">Sa\u00fade: Jundia\u00ed organiza reuni\u00e3o para discutir coparticipa\u00e7\u00e3o para Grendacc<\/a><\/strong><\/p>\n<p>As UBSs Novo Horizonte, Eloy Chaves, Caxambu, Vila Rami e Hortol\u00e2ndia estar\u00e3o abertas das 9h \u00e0s 17h para o atendimento do p\u00fablico. Mais de dez tipos de vacinas de rotina ser\u00e3o ofertadas para o combate de doen\u00e7as como meningite C, o t\u00e9tano e as hepatites A e B, al\u00e9m das doses contra HPV.<\/p>\n<p>Segundo a enfermeira da Vigil\u00e2ncia Epidemiol\u00f3gica, Maria do Carmo Possidente, nos primeiros dias da campanha foram aplicadas 878 doses de todas as vacinas de rotina, nas crian\u00e7as de 0 a 9 anos, e 118 doses em adolescentes de 10 a 14 anos. A Campanha Nacional de Multivacina\u00e7\u00e3o prossegue at\u00e9 dia 22.<\/p>\n","protected":false},"excerpt":{"rendered":"<p>O objetivo da campanha \u00e9 facilitar o acesso dos pais e respons\u00e1veis<\/p>\n","protected":false},"author":6,"featured_media":682,"comment_status":"closed","ping_status":"closed","sticky":false,"template":"","format":"standard","meta":{"footnotes":""},"categories":[1],"tags":[369,368,6,50,47,53],"class_list":["post-680","post","type-post","status-publish","format-standard","has-post-thumbnail","hentry","category-noticias","tag-campanha-nacional-de-multivacinacao","tag-multivacinacao","tag-saude","tag-ubs","tag-vacinacao","tag-vigilancia-epidemiologica"],"_links":{"self":[{"href":"https:\/\/tvtecjundiai.com.br\/news\/wp-json\/wp\/v2\/posts\/680","targetHints":{"allow":["GET"]}}],"collection":[{"href":"https:\/\/tvtecjundiai.com.br\/news\/wp-json\/wp\/v2\/posts"}],"about":[{"href":"https:\/\/tvtecjundiai.com.br\/news\/wp-json\/wp\/v2\/types\/post"}],"author":[{"embeddable":true,"href":"https:\/\/tvtecjundiai.com.br\/news\/wp-json\/wp\/v2\/users\/6"}],"replies":[{"embeddable":true,"href":"https:\/\/tvtecjundiai.com.br\/news\/wp-json\/wp\/v2\/comments?post=680"}],"version-history":[{"count":2,"href":"https:\/\/tvtecjundiai.com.br\/news\/wp-json\/wp\/v2\/posts\/680\/revisions"}],"predecessor-version":[{"id":684,"href":"https:\/\/tvtecjundiai.com.br\/news\/wp-json\/wp\/v2\/posts\/680\/revisions\/684"}],"wp:featuredmedia":[{"embeddable":true,"href":"https:\/\/tvtecjundiai.com.br\/news\/wp-json\/wp\/v2\/media\/682"}],"wp:attachment":[{"href":"https:\/\/tvtecjundiai.com.br\/news\/wp-json\/wp\/v2\/media?parent=680"}],"wp:term":[{"taxonomy":"category","embeddable":true,"href":"https:\/\/tvtecjundiai.com.br\/news\/wp-json\/wp\/v2\/categories?post=680"},{"taxonomy":"post_tag","embeddable":true,"href":"https:\/\/tvtecjundiai.com.br\/news\/wp-json\/wp\/v2\/tags?post=680"}],"curies":[{"name":"wp","href":"https:\/\/api.w.org\/{rel}","templated":true}]}}