{"id":68047,"date":"2020-12-11T16:03:49","date_gmt":"2020-12-11T19:03:49","guid":{"rendered":"https:\/\/tvtecjundiai.com.br\/news\/?p=68047"},"modified":"2020-12-11T16:08:57","modified_gmt":"2020-12-11T19:08:57","slug":"homem-aranha-realiza-surpresa-para-paciente-oncologico-no-hospital-sao-vicente","status":"publish","type":"post","link":"https:\/\/tvtecjundiai.com.br\/news\/2020\/12\/11\/homem-aranha-realiza-surpresa-para-paciente-oncologico-no-hospital-sao-vicente\/","title":{"rendered":"Homem-Aranha faz surpresa para paciente oncol\u00f3gico no S\u00e3o Vicente"},"content":{"rendered":"\n<p>Na tarde desta quinta-feira (11), o Hospital de Caridade S\u00e3o Vicente de Paulo (HSV) recebeu a visita do Homem-Aranha ou Spider Jundia\u00ed, como prefere ser chamado, mantendo preservada sua identidade de super-her\u00f3i. A visita foi dedicada a surpreender o paciente Pedro Martins Sim\u00f5es dos Santos, de 10 anos, que iniciou neste m\u00eas o tratamento de radioterapia e revelou que \u00e9 f\u00e3 do personagem.<\/p>\n\n\n\n<div class=\"wp-block-image\"><figure class=\"alignright size-medium is-resized\"><a href=\"https:\/\/tvtecjundiai.com.br\/news\/wp-content\/uploads\/sites\/2\/2020\/12\/WhatsApp-Image-2020-12-11-at-16.02.24.jpeg\"><img loading=\"lazy\" decoding=\"async\" src=\"https:\/\/tvtecjundiai.com.br\/news\/wp-content\/uploads\/sites\/2\/2020\/12\/WhatsApp-Image-2020-12-11-at-16.02.24-300x204.jpeg\" alt=\"\" class=\"wp-image-68050\" width=\"472\" height=\"321\" srcset=\"https:\/\/tvtecjundiai.com.br\/news\/wp-content\/uploads\/sites\/2\/2020\/12\/WhatsApp-Image-2020-12-11-at-16.02.24-300x204.jpeg 300w, https:\/\/tvtecjundiai.com.br\/news\/wp-content\/uploads\/sites\/2\/2020\/12\/WhatsApp-Image-2020-12-11-at-16.02.24-768x522.jpeg 768w, https:\/\/tvtecjundiai.com.br\/news\/wp-content\/uploads\/sites\/2\/2020\/12\/WhatsApp-Image-2020-12-11-at-16.02.24.jpeg 1051w\" sizes=\"auto, (max-width: 472px) 100vw, 472px\" \/><\/a><figcaption>Pedro come\u00e7ou tratamento de radioterapia neste m\u00eas e \u00e9 f\u00e3 do personagem<\/figcaption><\/figure><\/div>\n\n\n\n<p>Respons\u00e1vel pela surpresa, o Spider Jundia\u00ed conta emocionado sobre a iniciativa volunt\u00e1ria. \u201cTrabalho com essa a\u00e7\u00e3o h\u00e1 tr\u00eas anos em nossa vizinhan\u00e7a de Jundia\u00ed, mas foi minha primeira oportunidade no Hospital S\u00e3o Vicente onde pude contribuir para deixar o dia do pequeno her\u00f3i Pedro um pouquinho melhor. Li a mat\u00e9ria realizada semana passada onde a recepcionista Maria Isabel fez uma m\u00e1scara incr\u00edvel do Homem-Aranha para ele e resolvi entrar em contato com a assessoria de imprensa do Hospital para agendar uma visita e surpreender Pedro em seu tratamento\u201d, relata.<\/p>\n\n\n\n<p>A av\u00f3 do paciente, V\u00e2nia Cristina Martins Fagundes, de 43 anos, agradece emocionada a dedica\u00e7\u00e3o e carinho que toda a equipe de Radioterapia tem com ele e principalmente, a surpresa com seu her\u00f3i favorito. \u201cFiquei comovida com a a\u00e7\u00e3o, pois vejo que ele foi acolhido n\u00e3o somente por toda a equipe, mas tamb\u00e9m pelo seu her\u00f3i favorito, com certeza para o Pedro foi uma surpresa que fez toda a diferen\u00e7a. Foi um momento de encorajamento para o tratamento e uma lembran\u00e7a de muita felicidade\u201d.<\/p>\n\n\n\n<p>\u201cFico muito feliz quando realizo essas a\u00e7\u00f5es, faz muita diferen\u00e7a pra mim e tamb\u00e9m para o her\u00f3i do outro lado que est\u00e1 passando por este momento dif\u00edcil. A troca de energia \u00e9 m\u00fatua e intensa. \u00c9 um trabalho muito gratificante que me inspira e me motiva sempre mais a ajudar quem precisa. Todos n\u00f3s podemos ser her\u00f3i de algu\u00e9m, basta a vontade e o amor!\u201d, finaliza emocionado Spider Jundia\u00ed.<\/p>\n\n\n\n<p>&nbsp;\u201cEu adorei a surpresa do Homem-Aranha, ele \u00e9 meu her\u00f3i preferido e era meu sonho conhecer ele\u201d, comenta Pedro muito feliz com a surpresa.<\/p>\n\n\n\n<p>A equipe de Radioterapia j\u00e1 havia preparado uma m\u00e1scara personalizada que auxiliar\u00e1 Pedro durante todo o tratamento. As m\u00e1scaras personalizadas s\u00e3o uma tradi\u00e7\u00e3o do departamento, que sempre prioriza a humaniza\u00e7\u00e3o dos atendimentos, principalmente em casos infantis.<\/p>\n\n\n\n<p><em>(Fonte\/Imagem: Assessoria HSV)<\/em><\/p>\n","protected":false},"excerpt":{"rendered":"<p>Pedro, de 10 anos, revelou ser f\u00e3 do famoso personagem<\/p>\n","protected":false},"author":17,"featured_media":68050,"comment_status":"closed","ping_status":"closed","sticky":false,"template":"","format":"standard","meta":{"footnotes":""},"categories":[29,1,2839],"tags":[8018,3689,2204,1825],"class_list":["post-68047","post","type-post","status-publish","format-standard","has-post-thumbnail","hentry","category-destaque","category-noticias","category-saude","tag-homem-aranha-2","tag-hospital-sao-vicente-de-paulo","tag-hsv","tag-oncologia"],"_links":{"self":[{"href":"https:\/\/tvtecjundiai.com.br\/news\/wp-json\/wp\/v2\/posts\/68047","targetHints":{"allow":["GET"]}}],"collection":[{"href":"https:\/\/tvtecjundiai.com.br\/news\/wp-json\/wp\/v2\/posts"}],"about":[{"href":"https:\/\/tvtecjundiai.com.br\/news\/wp-json\/wp\/v2\/types\/post"}],"author":[{"embeddable":true,"href":"https:\/\/tvtecjundiai.com.br\/news\/wp-json\/wp\/v2\/users\/17"}],"replies":[{"embeddable":true,"href":"https:\/\/tvtecjundiai.com.br\/news\/wp-json\/wp\/v2\/comments?post=68047"}],"version-history":[{"count":5,"href":"https:\/\/tvtecjundiai.com.br\/news\/wp-json\/wp\/v2\/posts\/68047\/revisions"}],"predecessor-version":[{"id":68056,"href":"https:\/\/tvtecjundiai.com.br\/news\/wp-json\/wp\/v2\/posts\/68047\/revisions\/68056"}],"wp:featuredmedia":[{"embeddable":true,"href":"https:\/\/tvtecjundiai.com.br\/news\/wp-json\/wp\/v2\/media\/68050"}],"wp:attachment":[{"href":"https:\/\/tvtecjundiai.com.br\/news\/wp-json\/wp\/v2\/media?parent=68047"}],"wp:term":[{"taxonomy":"category","embeddable":true,"href":"https:\/\/tvtecjundiai.com.br\/news\/wp-json\/wp\/v2\/categories?post=68047"},{"taxonomy":"post_tag","embeddable":true,"href":"https:\/\/tvtecjundiai.com.br\/news\/wp-json\/wp\/v2\/tags?post=68047"}],"curies":[{"name":"wp","href":"https:\/\/api.w.org\/{rel}","templated":true}]}}