{"id":68061,"date":"2020-12-11T16:48:10","date_gmt":"2020-12-11T19:48:10","guid":{"rendered":"https:\/\/tvtecjundiai.com.br\/news\/?p=68061"},"modified":"2020-12-11T16:48:10","modified_gmt":"2020-12-11T19:48:10","slug":"estao-abertas-as-inscricoes-para-a-4a-edicao-do-festeju","status":"publish","type":"post","link":"https:\/\/tvtecjundiai.com.br\/news\/2020\/12\/11\/estao-abertas-as-inscricoes-para-a-4a-edicao-do-festeju\/","title":{"rendered":"Est\u00e3o abertas as inscri\u00e7\u00f5es para a 4\u00aa edi\u00e7\u00e3o do Festeju"},"content":{"rendered":"\n<p>Est\u00e3o abertas as inscri\u00e7\u00f5es para a 4\u00aa edi\u00e7\u00e3o do Festival de Teatro de Jundia\u00ed (Festeju). Os artistas, grupos ou companhias interessadas t\u00eam at\u00e9 a pr\u00f3xima quarta-feira (16) para realizar a inscri\u00e7\u00e3o gratuita. Os interessados poder\u00e3o se inscrever nas modalidades&nbsp;<a href=\"https:\/\/forms.gle\/4FGruLGM7xLyzUYB7\" target=\"_blank\" rel=\"noreferrer noopener\">Cena Profissional<\/a>&nbsp;ou&nbsp;<a href=\"https:\/\/forms.gle\/uFJECN92SA4o7VqQA\" target=\"_blank\" rel=\"noreferrer noopener\">Cena Amadora<\/a>, de acordo com a composi\u00e7\u00e3o de artistas de cada grupo.<\/p>\n\n\n\n<p>As inscri\u00e7\u00f5es dever\u00e3o ser realizadas por meio de formul\u00e1rio online no site da Unidade de Gest\u00e3o de Cultura (UGC). Para o preenchimento, os proponentes dever\u00e3o estar logados em uma conta do Gmail, a fim de anexar os termos preenchidos exigidos, como modelo de or\u00e7amento (s\u00f3 para a Cena Profissional) e de cess\u00e3o de direitos autorais e de imagem (para ambas as Cenas), todos dispon\u00edveis no site da UGC.<\/p>\n\n\n\n<div class=\"wp-block-image\"><figure class=\"alignright size-medium is-resized\"><a href=\"https:\/\/tvtecjundiai.com.br\/news\/wp-content\/uploads\/sites\/2\/2020\/12\/3_festeju_presepadas_de_damiao_praca_da_matriz-384-1280x834-1.jpg\"><img loading=\"lazy\" decoding=\"async\" src=\"https:\/\/tvtecjundiai.com.br\/news\/wp-content\/uploads\/sites\/2\/2020\/12\/3_festeju_presepadas_de_damiao_praca_da_matriz-384-1280x834-1-300x195.jpg\" alt=\"\" class=\"wp-image-68062\" width=\"466\" height=\"303\" srcset=\"https:\/\/tvtecjundiai.com.br\/news\/wp-content\/uploads\/sites\/2\/2020\/12\/3_festeju_presepadas_de_damiao_praca_da_matriz-384-1280x834-1-300x195.jpg 300w, https:\/\/tvtecjundiai.com.br\/news\/wp-content\/uploads\/sites\/2\/2020\/12\/3_festeju_presepadas_de_damiao_praca_da_matriz-384-1280x834-1-1200x782.jpg 1200w, https:\/\/tvtecjundiai.com.br\/news\/wp-content\/uploads\/sites\/2\/2020\/12\/3_festeju_presepadas_de_damiao_praca_da_matriz-384-1280x834-1-768x500.jpg 768w, https:\/\/tvtecjundiai.com.br\/news\/wp-content\/uploads\/sites\/2\/2020\/12\/3_festeju_presepadas_de_damiao_praca_da_matriz-384-1280x834-1.jpg 1280w\" sizes=\"auto, (max-width: 466px) 100vw, 466px\" \/><\/a><figcaption>Festeju este ano ser\u00e1 online. Edi\u00e7\u00f5es anteriores levaram espet\u00e1culos a diversos pontos da cidade.<\/figcaption><\/figure><\/div>\n\n\n\n<p>Por conta do enfrentamento \u00e0 pandemia, as exibi\u00e7\u00f5es do 4\u00ba Festeju ser\u00e3o feitas pela internet, pelas redes sociais e site da UGC em data ainda a ser estabelecida e divulgada. Os espet\u00e1culos inscritos, portanto, j\u00e1 gravados, dever\u00e3o ser apresentados no formul\u00e1rio de inscri\u00e7\u00e3o, por meio de link de sua hospedagem no YouTube com privacidade no Modo N\u00e3o Listado.<\/p>\n\n\n\n<p>Pela Cena Profissional, podem se inscrever grupos cujas composi\u00e7\u00f5es tenham, pelo menos, 70% de integrantes com registro profissional da categoria na Delegacia Regional do Trabalho (DRT). Os integrantes devem obrigatoriamente ser residentes ou domiciliados em Jundia\u00ed. Os cach\u00eas para inscri\u00e7\u00f5es individuais ser\u00e3o de R$ 500. J\u00e1 para os grupos, os cach\u00eas individuais ser\u00e3o de R$ 350, de modo que o valor total n\u00e3o ultrapasse R$ 2.450. &nbsp;Os espet\u00e1culos desta Cena devem ter dura\u00e7\u00e3o m\u00ednima de 40 minutos ou m\u00e1xima de 90 minutos.<\/p>\n\n\n\n<p>Pela Cena Amadora, podem se inscrever grupos art\u00edsticos livres ou estudantis de todo o territ\u00f3rio nacional, com elencos que tenham em sua composi\u00e7\u00e3o mais de 30% de integrantes sem registro na DRT. Os espet\u00e1culos desta Cena devem ter dura\u00e7\u00e3o m\u00ednima de 30 e m\u00e1xima de 60 minutos.<\/p>\n\n\n\n<p>Os espet\u00e1culos teatrais podem ter sido gravados nos seguintes espa\u00e7os: palco italiano, arena, semi-arena, audit\u00f3rio ou rua. As grava\u00e7\u00f5es poder\u00e3o ter, no m\u00e1ximo, tr\u00eas anos, contados da data de publica\u00e7\u00e3o do edital.<\/p>\n\n\n\n<p>Mais informa\u00e7\u00f5es podem ser obtidas no site da Cultura, no\u00a0<a rel=\"noreferrer noopener\" href=\"https:\/\/cultura.jundiai.sp.gov.br\/wp-content\/uploads\/2020\/12\/IO_edicao_4836_Festeju.pdf\" target=\"_blank\">edital n\u00ba 06\/2020 (p\u00e1ginas 87-91 da edi\u00e7\u00e3o 4836 da Imprensa Oficial)<\/a>, pelo e-mail\u00a0<a href=\"mailto:festeju@jundiai.sp.gopv.br\">festeju@jundiai.sp.gopv.br<\/a>\u00a0ou pelo telefone da UGC: (11) 4585-9750.<\/p>\n\n\n\n<p><em>(Fonte\/Imagem: Prefeitura de Jundia\u00ed)<\/em><\/p>\n","protected":false},"excerpt":{"rendered":"<p>Festival de Teatro de Jundia\u00ed deste ano ser\u00e1 adaptado para o online<\/p>\n","protected":false},"author":17,"featured_media":68062,"comment_status":"closed","ping_status":"closed","sticky":false,"template":"","format":"standard","meta":{"footnotes":""},"categories":[2833,1],"tags":[218,6608,83],"class_list":["post-68061","post","type-post","status-publish","format-standard","has-post-thumbnail","hentry","category-cultura","category-noticias","tag-festeju","tag-online","tag-teatro"],"_links":{"self":[{"href":"https:\/\/tvtecjundiai.com.br\/news\/wp-json\/wp\/v2\/posts\/68061","targetHints":{"allow":["GET"]}}],"collection":[{"href":"https:\/\/tvtecjundiai.com.br\/news\/wp-json\/wp\/v2\/posts"}],"about":[{"href":"https:\/\/tvtecjundiai.com.br\/news\/wp-json\/wp\/v2\/types\/post"}],"author":[{"embeddable":true,"href":"https:\/\/tvtecjundiai.com.br\/news\/wp-json\/wp\/v2\/users\/17"}],"replies":[{"embeddable":true,"href":"https:\/\/tvtecjundiai.com.br\/news\/wp-json\/wp\/v2\/comments?post=68061"}],"version-history":[{"count":2,"href":"https:\/\/tvtecjundiai.com.br\/news\/wp-json\/wp\/v2\/posts\/68061\/revisions"}],"predecessor-version":[{"id":68064,"href":"https:\/\/tvtecjundiai.com.br\/news\/wp-json\/wp\/v2\/posts\/68061\/revisions\/68064"}],"wp:featuredmedia":[{"embeddable":true,"href":"https:\/\/tvtecjundiai.com.br\/news\/wp-json\/wp\/v2\/media\/68062"}],"wp:attachment":[{"href":"https:\/\/tvtecjundiai.com.br\/news\/wp-json\/wp\/v2\/media?parent=68061"}],"wp:term":[{"taxonomy":"category","embeddable":true,"href":"https:\/\/tvtecjundiai.com.br\/news\/wp-json\/wp\/v2\/categories?post=68061"},{"taxonomy":"post_tag","embeddable":true,"href":"https:\/\/tvtecjundiai.com.br\/news\/wp-json\/wp\/v2\/tags?post=68061"}],"curies":[{"name":"wp","href":"https:\/\/api.w.org\/{rel}","templated":true}]}}