{"id":68120,"date":"2020-12-14T15:01:50","date_gmt":"2020-12-14T18:01:50","guid":{"rendered":"https:\/\/tvtecjundiai.com.br\/news\/?p=68120"},"modified":"2020-12-14T15:34:37","modified_gmt":"2020-12-14T18:34:37","slug":"chuvas-mantem-jundiai-em-estado-de-observacao","status":"publish","type":"post","link":"https:\/\/tvtecjundiai.com.br\/news\/2020\/12\/14\/chuvas-mantem-jundiai-em-estado-de-observacao\/","title":{"rendered":"Chuvas mant\u00eam Jundia\u00ed em Estado de Observa\u00e7\u00e3o"},"content":{"rendered":"\n<p>O final de semana e a madrugada desta segunda-feira (14) foram chuvosos em Jundia\u00ed. Nas \u00faltimas 24 horas foram registrados 32 mm de chuva no Jardim Florestal, 28 mm na Roseira e Vila Graff e 21 mm no Jardim Santa Getrudes.<\/p>\n\n\n\n<p>O acumulado de chuvas neste m\u00eas de dezembro, at\u00e9 hoje (14) \u00e0s 10h, est\u00e1 em 148 mm. O volume de chuva esperado para todo o m\u00eas de dezembro, considerando a m\u00e9dia dos \u00faltimos 8 anos, \u00e9 de 279 mm. A cidade se encontra, neste momento, em Estado de Observa\u00e7\u00e3o.<\/p>\n\n\n\n<div class=\"wp-block-image\"><figure class=\"alignleft size-large is-resized\"><img decoding=\"async\" src=\"https:\/\/tvtecjundiai.com.br\/news\/wp-content\/uploads\/sites\/2\/2020\/12\/tempestadejundiai-1200x800.jpg\" alt=\"\" class=\"wp-image-68121\" width=\"450\" srcset=\"https:\/\/tvtecjundiai.com.br\/news\/wp-content\/uploads\/sites\/2\/2020\/12\/tempestadejundiai-1200x800.jpg 1200w, https:\/\/tvtecjundiai.com.br\/news\/wp-content\/uploads\/sites\/2\/2020\/12\/tempestadejundiai-300x200.jpg 300w, https:\/\/tvtecjundiai.com.br\/news\/wp-content\/uploads\/sites\/2\/2020\/12\/tempestadejundiai-768x512.jpg 768w, https:\/\/tvtecjundiai.com.br\/news\/wp-content\/uploads\/sites\/2\/2020\/12\/tempestadejundiai.jpg 1280w\" sizes=\"(max-width: 1200px) 100vw, 1200px\" \/><figcaption>At\u00e9 hoje (14), j\u00e1 choveu mais da metade do volume hist\u00f3rico para dezembro<\/figcaption><\/figure><\/div>\n\n\n\n<p>No s\u00e1bado (12), a Defesa Civil de Jundia\u00ed foi acionada para o atendimento de uma ocorr\u00eancia em um im\u00f3vel localizado no Centro. As provid\u00eancias foram adotadas no local. Nesta segunda (14) a Defesa Civil foi comunicada da queda de duas \u00e1rvores, nos bairros Medeiros e Jardim Copacabana. As ocorr\u00eancias j\u00e1 foram encaminhadas \u00e0 Unidade de Gest\u00e3o de Infraestrutura e Servi\u00e7os P\u00fablicos para provid\u00eancias.<\/p>\n\n\n\n<p><strong>Previs\u00e3o do tempo<\/strong><\/p>\n\n\n\n<p>No per\u00edodo de hoje (14) at\u00e9 sexta-feira (18), as \u00e1reas de instabilidade continuar\u00e3o criando condi\u00e7\u00f5es para precipita\u00e7\u00f5es em todo o Estado de S\u00e3o Paulo, incluindo a Regi\u00e3o Metropolitana da Capital. Os dias ser\u00e3o de sol intercalado com per\u00edodos nublados, e tend\u00eancia de chuva r\u00e1pida durante o dia e \u00e0 noite.<\/p>\n\n\n\n<p>Em caso de necessidade, a Defesa Civil pode ser contatada pelos telefones 199 ou 4586-0666. O \u00f3rg\u00e3o orienta que em caso de fortes chuvas, ventos e descargas el\u00e9tricas as pessoas evitem sair de casa e desliguem aparelhos das tomadas. Quem estiver no tr\u00e2nsito ou na rua, deve procurar abrigo em locais seguros.<\/p>\n\n\n\n<p>Todo mun\u00edcipe pode cadastrar seu celular, gratuitamente, para receber alertas meteorol\u00f3gicos da Defesa Civil via SMS. Os interessados devem enviar um SMS para o n\u00famero 40199 com o CEP do endere\u00e7o.<\/p>\n\n\n\n<p><em>(Fonte: Assessoria de Imprensa PMJ \/ Foto: Fot\u00f3grafos PMJ)<\/em><\/p>\n","protected":false},"excerpt":{"rendered":"<p>At\u00e9 hoje (14), j\u00e1 choveu mais da metade do volume hist\u00f3rico para dezembro<\/p>\n","protected":false},"author":18,"featured_media":68121,"comment_status":"closed","ping_status":"closed","sticky":false,"template":"","format":"standard","meta":{"footnotes":""},"categories":[2834,3185,29,1],"tags":[2585,114,425,5],"class_list":["post-68120","post","type-post","status-publish","format-standard","has-post-thumbnail","hentry","category-cidades","category-clima","category-destaque","category-noticias","tag-chuvas","tag-clima","tag-defesa-civil","tag-jundiai"],"_links":{"self":[{"href":"https:\/\/tvtecjundiai.com.br\/news\/wp-json\/wp\/v2\/posts\/68120","targetHints":{"allow":["GET"]}}],"collection":[{"href":"https:\/\/tvtecjundiai.com.br\/news\/wp-json\/wp\/v2\/posts"}],"about":[{"href":"https:\/\/tvtecjundiai.com.br\/news\/wp-json\/wp\/v2\/types\/post"}],"author":[{"embeddable":true,"href":"https:\/\/tvtecjundiai.com.br\/news\/wp-json\/wp\/v2\/users\/18"}],"replies":[{"embeddable":true,"href":"https:\/\/tvtecjundiai.com.br\/news\/wp-json\/wp\/v2\/comments?post=68120"}],"version-history":[{"count":6,"href":"https:\/\/tvtecjundiai.com.br\/news\/wp-json\/wp\/v2\/posts\/68120\/revisions"}],"predecessor-version":[{"id":68130,"href":"https:\/\/tvtecjundiai.com.br\/news\/wp-json\/wp\/v2\/posts\/68120\/revisions\/68130"}],"wp:featuredmedia":[{"embeddable":true,"href":"https:\/\/tvtecjundiai.com.br\/news\/wp-json\/wp\/v2\/media\/68121"}],"wp:attachment":[{"href":"https:\/\/tvtecjundiai.com.br\/news\/wp-json\/wp\/v2\/media?parent=68120"}],"wp:term":[{"taxonomy":"category","embeddable":true,"href":"https:\/\/tvtecjundiai.com.br\/news\/wp-json\/wp\/v2\/categories?post=68120"},{"taxonomy":"post_tag","embeddable":true,"href":"https:\/\/tvtecjundiai.com.br\/news\/wp-json\/wp\/v2\/tags?post=68120"}],"curies":[{"name":"wp","href":"https:\/\/api.w.org\/{rel}","templated":true}]}}