{"id":68210,"date":"2020-12-15T14:09:07","date_gmt":"2020-12-15T17:09:07","guid":{"rendered":"https:\/\/tvtecjundiai.com.br\/news\/?p=68210"},"modified":"2020-12-15T14:09:07","modified_gmt":"2020-12-15T17:09:07","slug":"nasa-divulga-imagem-rara-de-fusao-de-buracos-negros","status":"publish","type":"post","link":"https:\/\/tvtecjundiai.com.br\/news\/2020\/12\/15\/nasa-divulga-imagem-rara-de-fusao-de-buracos-negros\/","title":{"rendered":"Nasa divulga imagem rara de fus\u00e3o de buracos negros"},"content":{"rendered":"\n<p>A Nasa compartilhou esta semana uma imagem de uma uni\u00e3o c\u00f3smica impressionante: o processo de fus\u00e3o de dois buracos negros. A foto foi compartilhada pela ag\u00eancia no Instagram oficial do telesc\u00f3pio Chandra X-ray Observatory, respons\u00e1vel pelo registro.<\/p>\n\n\n\n<div class=\"wp-block-image\"><figure class=\"alignright size-medium is-resized\"><a href=\"https:\/\/tvtecjundiai.com.br\/news\/wp-content\/uploads\/sites\/2\/2020\/12\/buraco-negro.png\"><img loading=\"lazy\" decoding=\"async\" src=\"https:\/\/tvtecjundiai.com.br\/news\/wp-content\/uploads\/sites\/2\/2020\/12\/buraco-negro-300x159.png\" alt=\"\" class=\"wp-image-68211\" width=\"471\" height=\"250\" srcset=\"https:\/\/tvtecjundiai.com.br\/news\/wp-content\/uploads\/sites\/2\/2020\/12\/buraco-negro-300x159.png 300w, https:\/\/tvtecjundiai.com.br\/news\/wp-content\/uploads\/sites\/2\/2020\/12\/buraco-negro.png 481w\" sizes=\"auto, (max-width: 471px) 100vw, 471px\" \/><\/a><figcaption>Cientistas acreditam que esses buracos negros est\u00e3o t\u00e3o pr\u00f3ximos por estarem em uma espiral em dire\u00e7\u00e3o ao outro<\/figcaption><\/figure><\/div>\n\n\n\n<p>A descri\u00e7\u00e3o da imagem obtida mostra a descoberta em quest\u00e3o est\u00e3o na gal\u00e1xia NGC 6240. \u201cVistos como os \u2018pontos\u2019 brilhantes perto do centro da imagem, os buracos negros est\u00e3o separados por apenas 3 mil anos-luz. Eventualmente, eles flutuar\u00e3o juntos, formando um buraco negro maior daqui a milh\u00f5es de anos\u201d, explica a legenda da foto.<\/p>\n\n\n\n<p>Os cientistas acreditam que esses buracos negros est\u00e3o t\u00e3o pr\u00f3ximos por estarem em uma espiral em dire\u00e7\u00e3o ao outro, um processo iniciado h\u00e1 cerca de 30 milh\u00f5es de anos. Ou seja, a imagem remonta a um passado muito distante, embora seus protagonistas tenham sido detectados em 2002 pelo Chandra X-ray.<\/p>\n\n\n\n<p>Paralelamente, um time de pesquisadores da Universidade de Cornell, nos Estados Unidos, publicou um estudo que teoriza a exist\u00eancia de uma \u201cmol\u00e9cula gravitacional\u201d que coexiste na \u00f3rbita de dois buracos negros, de forma similar ao que se v\u00ea com el\u00e9trons ao redor do hidrog\u00eanio.<\/p>\n\n\n\n<p>Segundo os especialistas, o comportamento desta estranha part\u00edcula pode nos levar a melhores compreens\u00f5es sobre a identidade da chamada mat\u00e9ria escura e a natureza do espa\u00e7o-tempo. Se este for mesmo o caso, ent\u00e3o isso significaria que a mat\u00e9ria escura viria a existir ao redor de um sistema bin\u00e1rio de buracos negros.<\/p>\n\n\n\n<p><em>(Fonte\/Imagem: Olhar Digital)<\/em><\/p>\n","protected":false},"excerpt":{"rendered":"<p>Buracos negros est\u00e3o separados por apenas 3 mil anos-luz<\/p>\n","protected":false},"author":17,"featured_media":68212,"comment_status":"closed","ping_status":"closed","sticky":false,"template":"","format":"standard","meta":{"footnotes":""},"categories":[5159,1,2824],"tags":[8151,7705,2200],"class_list":["post-68210","post","type-post","status-publish","format-standard","has-post-thumbnail","hentry","category-ciencias","category-noticias","category-variedades","tag-buraco-negro","tag-espaco","tag-nasa"],"_links":{"self":[{"href":"https:\/\/tvtecjundiai.com.br\/news\/wp-json\/wp\/v2\/posts\/68210","targetHints":{"allow":["GET"]}}],"collection":[{"href":"https:\/\/tvtecjundiai.com.br\/news\/wp-json\/wp\/v2\/posts"}],"about":[{"href":"https:\/\/tvtecjundiai.com.br\/news\/wp-json\/wp\/v2\/types\/post"}],"author":[{"embeddable":true,"href":"https:\/\/tvtecjundiai.com.br\/news\/wp-json\/wp\/v2\/users\/17"}],"replies":[{"embeddable":true,"href":"https:\/\/tvtecjundiai.com.br\/news\/wp-json\/wp\/v2\/comments?post=68210"}],"version-history":[{"count":1,"href":"https:\/\/tvtecjundiai.com.br\/news\/wp-json\/wp\/v2\/posts\/68210\/revisions"}],"predecessor-version":[{"id":68213,"href":"https:\/\/tvtecjundiai.com.br\/news\/wp-json\/wp\/v2\/posts\/68210\/revisions\/68213"}],"wp:featuredmedia":[{"embeddable":true,"href":"https:\/\/tvtecjundiai.com.br\/news\/wp-json\/wp\/v2\/media\/68212"}],"wp:attachment":[{"href":"https:\/\/tvtecjundiai.com.br\/news\/wp-json\/wp\/v2\/media?parent=68210"}],"wp:term":[{"taxonomy":"category","embeddable":true,"href":"https:\/\/tvtecjundiai.com.br\/news\/wp-json\/wp\/v2\/categories?post=68210"},{"taxonomy":"post_tag","embeddable":true,"href":"https:\/\/tvtecjundiai.com.br\/news\/wp-json\/wp\/v2\/tags?post=68210"}],"curies":[{"name":"wp","href":"https:\/\/api.w.org\/{rel}","templated":true}]}}