{"id":68757,"date":"2020-12-20T10:25:19","date_gmt":"2020-12-20T13:25:19","guid":{"rendered":"https:\/\/tvtecjundiai.com.br\/news\/?p=68757"},"modified":"2020-12-20T10:25:19","modified_gmt":"2020-12-20T13:25:19","slug":"fiscalizacao-integrada-orienta-o-comercio-na-fase-amarela","status":"publish","type":"post","link":"https:\/\/tvtecjundiai.com.br\/news\/2020\/12\/20\/fiscalizacao-integrada-orienta-o-comercio-na-fase-amarela\/","title":{"rendered":"Fiscaliza\u00e7\u00e3o integrada orienta o com\u00e9rcio na Fase Amarela"},"content":{"rendered":"\n<p>A Prefeitura de Jundia\u00ed, por meio da Fiscaliza\u00e7\u00e3o Integrada \u2013 Guarda Municipal (GMJ), Divis\u00e3o de Fiscaliza\u00e7\u00e3o do Com\u00e9rcio e Vigil\u00e2ncia Sanit\u00e1ria (Visa) -,\u00a0segue orientando com\u00e9rcios e servi\u00e7os sobre o cumprimento do decreto da Fase Amarela, que entrou novamente em vigor no dia 2 de dezembro.<br>\u00a0<br>Nos \u00faltimos sete dias (de 11 a 17 deste m\u00eas), a Fiscaliza\u00e7\u00e3o do Com\u00e9rcio contabilizou 24 notifica\u00e7\u00f5es, 39 averigua\u00e7\u00f5es e 17 autos de infra\u00e7\u00e3o e imposi\u00e7\u00e3o de multas, totalizando 80 a\u00e7\u00f5es realizadas.<br>\u00a0<br>No total, desde 20 de mar\u00e7o, quando foi decretado o Estado de Emerg\u00eancia em Jundia\u00ed devido \u00e0 pandemia, at\u00e9 agora a Fiscaliza\u00e7\u00e3o do Com\u00e9rcio realizou 1.126 notifica\u00e7\u00f5es, 152 autos de infra\u00e7\u00e3o e imposi\u00e7\u00e3o de multa e 61 fechamentos administrativos\/interdi\u00e7\u00f5es.<\/p>\n\n\n\n<figure class=\"wp-block-image size-large\"><img loading=\"lazy\" decoding=\"async\" width=\"1200\" height=\"801\" src=\"https:\/\/tvtecjundiai.com.br\/news\/wp-content\/uploads\/sites\/2\/2020\/12\/fiscalizacaocomercio-1200x801.jpg\" alt=\"\" class=\"wp-image-68758\" srcset=\"https:\/\/tvtecjundiai.com.br\/news\/wp-content\/uploads\/sites\/2\/2020\/12\/fiscalizacaocomercio-1200x801.jpg 1200w, https:\/\/tvtecjundiai.com.br\/news\/wp-content\/uploads\/sites\/2\/2020\/12\/fiscalizacaocomercio-300x200.jpg 300w, https:\/\/tvtecjundiai.com.br\/news\/wp-content\/uploads\/sites\/2\/2020\/12\/fiscalizacaocomercio-768x512.jpg 768w, https:\/\/tvtecjundiai.com.br\/news\/wp-content\/uploads\/sites\/2\/2020\/12\/fiscalizacaocomercio.jpg 1280w\" sizes=\"auto, (max-width: 1200px) 100vw, 1200px\" \/><figcaption>Divis\u00e3o de Fiscaliza\u00e7\u00e3o do Com\u00e9rcio integra equipe que ainda tem a GM de Jundia\u00ed<br><\/figcaption><\/figure>\n\n\n\n<p>J\u00e1 a Vigil\u00e2ncia Sanit\u00e1ria (VISA) realizou, de 14 a 18 de dezembro, 32 a\u00e7\u00f5es \u2013 43% delas em atendimento a reclama\u00e7\u00f5es via 156 -, orientando em rela\u00e7\u00e3o \u00e0 aglomera\u00e7\u00e3o de pessoas e ao cumprimento de medidas sanit\u00e1rias.<br>\u00a0<br>De 11 a 18 de dezembro, a Guarda Municipal de Jundia\u00ed, em conjunto com o setor de Fiscaliza\u00e7\u00e3o do Com\u00e9rcio, promoveu 38 atendimentos de diversas naturezas em\u00a0estabelecimentos comerciais, contribuindo significativamente no trabalho de preven\u00e7\u00e3o e orienta\u00e7\u00e3o relacionadas \u00e0 pandemia do Coronav\u00edrus.<br>\u00a0<br>Gestor da Unidade de Gest\u00e3o de Governo e Finan\u00e7as, Jos\u00e9 Antonio Parimoschi ressalta que os setores de com\u00e9rcio e servi\u00e7os devem seguir as determina\u00e7\u00f5es e os protocolos sanit\u00e1rios estabelecidos no Plano S\u00e3o Paulo do Governo do Estado. \u201cA fiscaliza\u00e7\u00e3o integrada est\u00e1 atuante\u00a0na cidade para auxiliar na prote\u00e7\u00e3o do consumidor contra a dissemina\u00e7\u00e3o da Covid-19. O tempo transcorrido at\u00e9 agora j\u00e1 nos ensinou muito sobre a doen\u00e7a e as formas efetivas de preven\u00e7\u00e3o. Por\u00e9m, n\u00e3o podemos relaxar agora, pois o n\u00famero de casos de contamina\u00e7\u00e3o est\u00e1 aumentando rapidamente, novamente, e a responsabilidade de evitar a transmiss\u00e3o \u00e9 coletiva\u201d, explica.\u00a0<br>\u00a0<br>Den\u00fancias de aglomera\u00e7\u00e3o de pessoas e funcionamento irregular do com\u00e9rcio podem ser registradas pelos telefones 153 e 156.<\/p>\n\n\n\n<p><em>(Fonte: Assessoria PMJ \/ Foto: Fot\u00f3grafos PMJ)<\/em><\/p>\n","protected":false},"excerpt":{"rendered":"<p>Nos \u00faltimos 7 dias, 80 a\u00e7\u00f5es foram realizadas para cumprir o decreto<\/p>\n","protected":false},"author":18,"featured_media":68758,"comment_status":"closed","ping_status":"closed","sticky":false,"template":"","format":"standard","meta":{"footnotes":""},"categories":[2834,29,1],"tags":[588,7901,462,174,8188],"class_list":["post-68757","post","type-post","status-publish","format-standard","has-post-thumbnail","hentry","category-cidades","category-destaque","category-noticias","tag-comercio","tag-fase-amarela","tag-fiscalizacao","tag-guarda-municipal","tag-vigilancia-sanitaria-2"],"_links":{"self":[{"href":"https:\/\/tvtecjundiai.com.br\/news\/wp-json\/wp\/v2\/posts\/68757","targetHints":{"allow":["GET"]}}],"collection":[{"href":"https:\/\/tvtecjundiai.com.br\/news\/wp-json\/wp\/v2\/posts"}],"about":[{"href":"https:\/\/tvtecjundiai.com.br\/news\/wp-json\/wp\/v2\/types\/post"}],"author":[{"embeddable":true,"href":"https:\/\/tvtecjundiai.com.br\/news\/wp-json\/wp\/v2\/users\/18"}],"replies":[{"embeddable":true,"href":"https:\/\/tvtecjundiai.com.br\/news\/wp-json\/wp\/v2\/comments?post=68757"}],"version-history":[{"count":1,"href":"https:\/\/tvtecjundiai.com.br\/news\/wp-json\/wp\/v2\/posts\/68757\/revisions"}],"predecessor-version":[{"id":68759,"href":"https:\/\/tvtecjundiai.com.br\/news\/wp-json\/wp\/v2\/posts\/68757\/revisions\/68759"}],"wp:featuredmedia":[{"embeddable":true,"href":"https:\/\/tvtecjundiai.com.br\/news\/wp-json\/wp\/v2\/media\/68758"}],"wp:attachment":[{"href":"https:\/\/tvtecjundiai.com.br\/news\/wp-json\/wp\/v2\/media?parent=68757"}],"wp:term":[{"taxonomy":"category","embeddable":true,"href":"https:\/\/tvtecjundiai.com.br\/news\/wp-json\/wp\/v2\/categories?post=68757"},{"taxonomy":"post_tag","embeddable":true,"href":"https:\/\/tvtecjundiai.com.br\/news\/wp-json\/wp\/v2\/tags?post=68757"}],"curies":[{"name":"wp","href":"https:\/\/api.w.org\/{rel}","templated":true}]}}