{"id":68830,"date":"2020-12-21T11:27:16","date_gmt":"2020-12-21T14:27:16","guid":{"rendered":"https:\/\/tvtecjundiai.com.br\/news\/?p=68830"},"modified":"2020-12-21T11:34:09","modified_gmt":"2020-12-21T14:34:09","slug":"festas-de-final-de-ano-precisam-de-cuidados-especiais-orienta-medico-do-hsv","status":"publish","type":"post","link":"https:\/\/tvtecjundiai.com.br\/news\/2020\/12\/21\/festas-de-final-de-ano-precisam-de-cuidados-especiais-orienta-medico-do-hsv\/","title":{"rendered":"Festas de final de ano precisam de cuidados especiais, orienta m\u00e9dico do HSV"},"content":{"rendered":"\n<div class=\"wp-block-image\"><figure class=\"alignright size-large is-resized\"><a href=\"https:\/\/tvtecjundiai.com.br\/news\/wp-content\/uploads\/sites\/2\/2020\/12\/mascaras-tecido-contra-covid-19.jpg\"><img loading=\"lazy\" decoding=\"async\" src=\"https:\/\/tvtecjundiai.com.br\/news\/wp-content\/uploads\/sites\/2\/2020\/12\/mascaras-tecido-contra-covid-19.jpg\" alt=\"\" class=\"wp-image-68832\" width=\"392\" height=\"260\" srcset=\"https:\/\/tvtecjundiai.com.br\/news\/wp-content\/uploads\/sites\/2\/2020\/12\/mascaras-tecido-contra-covid-19.jpg 800w, https:\/\/tvtecjundiai.com.br\/news\/wp-content\/uploads\/sites\/2\/2020\/12\/mascaras-tecido-contra-covid-19-300x200.jpg 300w, https:\/\/tvtecjundiai.com.br\/news\/wp-content\/uploads\/sites\/2\/2020\/12\/mascaras-tecido-contra-covid-19-768x512.jpg 768w\" sizes=\"auto, (max-width: 392px) 100vw, 392px\" \/><\/a><figcaption>M\u00e9dico d\u00e1 orienta\u00e7\u00f5es para as festas de fim de ano<\/figcaption><\/figure><\/div>\n\n\n\n<p>Final de ano sempre foi sin\u00f4nimo de confraterniza\u00e7\u00f5es, eventos e reuni\u00f5es com amigos e familiares. Mas neste ano, em mar\u00e7o, desde que a Organiza\u00e7\u00e3o Mundial de Sa\u00fade (OMS) decretou o estado de pandemia da Covid-19, muita coisa mudou. Nem imagin\u00e1vamos que em dezembro ainda estar\u00edamos vivendo o \u201cnovo normal\u201d. Natal e festa de Ano Novo ser\u00e3o diferentes, grupos reduzidos, alguns solit\u00e1rios, muito contato virtual e cuidados especiais. Tudo em nome da seguran\u00e7a e do amor pelas pessoas queridas e especiais.<\/p>\n\n\n\n<p>O m\u00e9dico cl\u00ednico geral e reumatologista Dr. Jos\u00e9 Celso Giordan Cavalcanti Sarinho, que integra a equipe m\u00e9dica do Comit\u00ea Interno Covid-19 do Hospital de Caridade S\u00e3o Vicente de Paulo (HSV) d\u00e1 algumas orienta\u00e7\u00f5es para os casos em que n\u00e3o \u00e9 poss\u00edvel manter o isolamento social.<\/p>\n\n\n\n<p>\u201cSe voc\u00ea for receber ou visitar amigos e familiares, o importante \u00e9 evitar o contato pr\u00f3ximo e as demonstra\u00e7\u00f5es de afeto por meio de beijos e abra\u00e7os, manter distanciamento, n\u00e3o abrir m\u00e3o do uso de m\u00e1scaras e fazer o uso do \u00e1lcool em gel\u201d, orienta.<\/p>\n\n\n\n<p>Outros cuidados que podem ser adotados s\u00e3o o uso de sanitizantes para os cal\u00e7ados na entrada da casa ou deixar o cal\u00e7ado para o lado de fora. Na hora da ceia, \u00e9 importante que as cadeiras estejam com distanciamento de 1 metro entre elas e que todos usem luvas descart\u00e1veis e individuais para tocar os utens\u00edlios que servem a ceia. Se for poss\u00edvel, usar pratos, talheres e copos descart\u00e1veis.<\/p>\n\n\n\n<p>De acordo com o m\u00e9dico o risco principal est\u00e1 no fato de existirem entre os convidados pessoas contaminadas pouco sintom\u00e1ticas ou assintom\u00e1ticas, que, por se sentirem bem, podem acabar contaminando os demais.<\/p>\n\n\n\n<p>\u201cSabemos que passaremos por per\u00edodos de festas que, caracteristicamente, est\u00e3o relacionados a encontros de muitos familiares e amigos, mas devemos levar em conta que tamb\u00e9m passamos por dias dif\u00edceis, e n\u00e3o queremos que esses momentos de alegria das festas, possam levar a uma doen\u00e7a ou mesmo a perdas nos dias seguintes\u201d, destaca.<\/p>\n\n\n\n<p>Se todos os convidados tiverem mantido isolamento antes do encontro, tamb\u00e9m \u00e9 uma garantia a mais para a seguran\u00e7a. \u201cSe todos estiverem assintom\u00e1ticos, neste per\u00edodo, o risco \u00e9 menor. Por\u00e9m, caso algu\u00e9m apresente algum sintoma, \u00e9 melhor que participe dos festejos somente no ano que vem\u201d, recomenda.<\/p>\n","protected":false},"excerpt":{"rendered":"<p>Especialista orienta sobre os casos em que n\u00e3o \u00e9 poss\u00edvel manter o isolamento social<\/p>\n","protected":false},"author":18,"featured_media":68832,"comment_status":"closed","ping_status":"closed","sticky":false,"template":"","format":"standard","meta":{"footnotes":""},"categories":[2834,1,2839],"tags":[6242,1572,2204],"class_list":["post-68830","post","type-post","status-publish","format-standard","has-post-thumbnail","hentry","category-cidades","category-noticias","category-saude","tag-coronavirus","tag-fim-de-ano","tag-hsv"],"_links":{"self":[{"href":"https:\/\/tvtecjundiai.com.br\/news\/wp-json\/wp\/v2\/posts\/68830","targetHints":{"allow":["GET"]}}],"collection":[{"href":"https:\/\/tvtecjundiai.com.br\/news\/wp-json\/wp\/v2\/posts"}],"about":[{"href":"https:\/\/tvtecjundiai.com.br\/news\/wp-json\/wp\/v2\/types\/post"}],"author":[{"embeddable":true,"href":"https:\/\/tvtecjundiai.com.br\/news\/wp-json\/wp\/v2\/users\/18"}],"replies":[{"embeddable":true,"href":"https:\/\/tvtecjundiai.com.br\/news\/wp-json\/wp\/v2\/comments?post=68830"}],"version-history":[{"count":3,"href":"https:\/\/tvtecjundiai.com.br\/news\/wp-json\/wp\/v2\/posts\/68830\/revisions"}],"predecessor-version":[{"id":68842,"href":"https:\/\/tvtecjundiai.com.br\/news\/wp-json\/wp\/v2\/posts\/68830\/revisions\/68842"}],"wp:featuredmedia":[{"embeddable":true,"href":"https:\/\/tvtecjundiai.com.br\/news\/wp-json\/wp\/v2\/media\/68832"}],"wp:attachment":[{"href":"https:\/\/tvtecjundiai.com.br\/news\/wp-json\/wp\/v2\/media?parent=68830"}],"wp:term":[{"taxonomy":"category","embeddable":true,"href":"https:\/\/tvtecjundiai.com.br\/news\/wp-json\/wp\/v2\/categories?post=68830"},{"taxonomy":"post_tag","embeddable":true,"href":"https:\/\/tvtecjundiai.com.br\/news\/wp-json\/wp\/v2\/tags?post=68830"}],"curies":[{"name":"wp","href":"https:\/\/api.w.org\/{rel}","templated":true}]}}