{"id":68856,"date":"2020-12-23T15:43:00","date_gmt":"2020-12-23T18:43:00","guid":{"rendered":"https:\/\/tvtecjundiai.com.br\/news\/?p=68856"},"modified":"2020-12-22T09:36:47","modified_gmt":"2020-12-22T12:36:47","slug":"sabado-26-chove-a-tarde-em-pontos-isolados-de-jundiai","status":"publish","type":"post","link":"https:\/\/tvtecjundiai.com.br\/news\/2020\/12\/23\/sabado-26-chove-a-tarde-em-pontos-isolados-de-jundiai\/","title":{"rendered":"S\u00e1bado (26) chove \u00e0 tarde em pontos isolados de Jundia\u00ed"},"content":{"rendered":"\n<div class=\"wp-block-image\"><figure class=\"alignleft size-large is-resized\"><a href=\"https:\/\/tvtecjundiai.com.br\/news\/wp-content\/uploads\/sites\/2\/2020\/12\/Mara-Aurea-Prado-Chuva-2.jpg\"><img decoding=\"async\" src=\"https:\/\/tvtecjundiai.com.br\/news\/wp-content\/uploads\/sites\/2\/2020\/12\/Mara-Aurea-Prado-Chuva-2-1200x936.jpg\" alt=\"\" class=\"wp-image-68944\" width=\"350\" srcset=\"https:\/\/tvtecjundiai.com.br\/news\/wp-content\/uploads\/sites\/2\/2020\/12\/Mara-Aurea-Prado-Chuva-2-1200x936.jpg 1200w, https:\/\/tvtecjundiai.com.br\/news\/wp-content\/uploads\/sites\/2\/2020\/12\/Mara-Aurea-Prado-Chuva-2-300x234.jpg 300w, https:\/\/tvtecjundiai.com.br\/news\/wp-content\/uploads\/sites\/2\/2020\/12\/Mara-Aurea-Prado-Chuva-2-768x599.jpg 768w, https:\/\/tvtecjundiai.com.br\/news\/wp-content\/uploads\/sites\/2\/2020\/12\/Mara-Aurea-Prado-Chuva-2.jpg 1280w\" sizes=\"(max-width: 1200px) 100vw, 1200px\" \/><\/a><\/figure><\/div>\n\n\n\n<p>A noite de s\u00e1bado (26) em Jundia\u00ed deve ficar aberta depois de pancadas de chuva no per\u00edodo da tarde em pontos isolados da cidade. O dia deve amanhecer \u00e0s 5h21, com sol e aumento de nuvens.<\/p>\n\n\n\n<p>A probabilidade de chover \u00e9 de 67%, num dia de umidade relativa do ar variando entre 57% e 86% e temperatura oscilando entre 18\u00ba C e 27\u00ba C. O vento leste sopra com intensidade moderada, a 20 km\/h. <\/p>\n\n\n\n<p><em>(Fonte: Climatempo\/ Imagem: Mara Aurea Prado)<\/em><\/p>\n","protected":false},"excerpt":{"rendered":"<p>A probabilidade de chover \u00e9 de 67%. A umidade do ar varia de 57% a 86%<\/p>\n","protected":false},"author":8,"featured_media":68944,"comment_status":"closed","ping_status":"closed","sticky":false,"template":"","format":"standard","meta":{"footnotes":""},"categories":[2834,3185,1],"tags":[114,5,4970],"class_list":["post-68856","post","type-post","status-publish","format-standard","has-post-thumbnail","hentry","category-cidades","category-clima","category-noticias","tag-clima","tag-jundiai","tag-meteorologia"],"_links":{"self":[{"href":"https:\/\/tvtecjundiai.com.br\/news\/wp-json\/wp\/v2\/posts\/68856","targetHints":{"allow":["GET"]}}],"collection":[{"href":"https:\/\/tvtecjundiai.com.br\/news\/wp-json\/wp\/v2\/posts"}],"about":[{"href":"https:\/\/tvtecjundiai.com.br\/news\/wp-json\/wp\/v2\/types\/post"}],"author":[{"embeddable":true,"href":"https:\/\/tvtecjundiai.com.br\/news\/wp-json\/wp\/v2\/users\/8"}],"replies":[{"embeddable":true,"href":"https:\/\/tvtecjundiai.com.br\/news\/wp-json\/wp\/v2\/comments?post=68856"}],"version-history":[{"count":5,"href":"https:\/\/tvtecjundiai.com.br\/news\/wp-json\/wp\/v2\/posts\/68856\/revisions"}],"predecessor-version":[{"id":68982,"href":"https:\/\/tvtecjundiai.com.br\/news\/wp-json\/wp\/v2\/posts\/68856\/revisions\/68982"}],"wp:featuredmedia":[{"embeddable":true,"href":"https:\/\/tvtecjundiai.com.br\/news\/wp-json\/wp\/v2\/media\/68944"}],"wp:attachment":[{"href":"https:\/\/tvtecjundiai.com.br\/news\/wp-json\/wp\/v2\/media?parent=68856"}],"wp:term":[{"taxonomy":"category","embeddable":true,"href":"https:\/\/tvtecjundiai.com.br\/news\/wp-json\/wp\/v2\/categories?post=68856"},{"taxonomy":"post_tag","embeddable":true,"href":"https:\/\/tvtecjundiai.com.br\/news\/wp-json\/wp\/v2\/tags?post=68856"}],"curies":[{"name":"wp","href":"https:\/\/api.w.org\/{rel}","templated":true}]}}