{"id":68920,"date":"2020-12-21T16:31:41","date_gmt":"2020-12-21T19:31:41","guid":{"rendered":"https:\/\/tvtecjundiai.com.br\/news\/?p=68920"},"modified":"2020-12-21T16:31:41","modified_gmt":"2020-12-21T19:31:41","slug":"google-celebra-conjuncao-do-solsticio-de-verao-com-doodle","status":"publish","type":"post","link":"https:\/\/tvtecjundiai.com.br\/news\/2020\/12\/21\/google-celebra-conjuncao-do-solsticio-de-verao-com-doodle\/","title":{"rendered":"Google celebra conjun\u00e7\u00e3o do Solst\u00edcio de Ver\u00e3o com Doodle"},"content":{"rendered":"\n<p>A Grande Conjun\u00e7\u00e3o do Solst\u00edcio de Ver\u00e3o recebeu uma homenagem do\u00a0Google\u00a0em <a href=\"https:\/\/www.google.com\/\" data-type=\"URL\" data-id=\"https:\/\/www.google.com\/\">formato de\u00a0Doodle<\/a>\u00a0na p\u00e1gina inicial do buscador, nesta segunda-feira (21). O evento astron\u00f4mico, que marca o fim da primavera e o in\u00edcio do ver\u00e3o na parte sul do planeta, \u00e9 tamb\u00e9m o dia em que o hemisf\u00e9rio \u00e9 iluminado pelo sol por mais tempo, o que torna o 21 de dezembro o dia mais longo do ano.<\/p>\n\n\n\n<div class=\"wp-block-image\"><figure class=\"alignright size-medium is-resized\"><a href=\"https:\/\/tvtecjundiai.com.br\/news\/wp-content\/uploads\/sites\/2\/2020\/12\/google-saturno-jupiter.jpg\"><img loading=\"lazy\" decoding=\"async\" src=\"https:\/\/tvtecjundiai.com.br\/news\/wp-content\/uploads\/sites\/2\/2020\/12\/google-saturno-jupiter-300x180.jpg\" alt=\"\" class=\"wp-image-68922\" width=\"460\" height=\"276\" srcset=\"https:\/\/tvtecjundiai.com.br\/news\/wp-content\/uploads\/sites\/2\/2020\/12\/google-saturno-jupiter-300x180.jpg 300w, https:\/\/tvtecjundiai.com.br\/news\/wp-content\/uploads\/sites\/2\/2020\/12\/google-saturno-jupiter.jpg 423w\" sizes=\"auto, (max-width: 460px) 100vw, 460px\" \/><\/a><figcaption>Buscador exibe anima\u00e7\u00e3o alusiva ao solst\u00edcio de ver\u00e3o e a aproxima\u00e7\u00e3o entre J\u00fapiter e Saturno, que pode ser vista a olho nu em 2020<\/figcaption><\/figure><\/div>\n\n\n\n<p>A anima\u00e7\u00e3o do buscador mostra uma sauda\u00e7\u00e3o entre J\u00fapiter e Saturno, fazendo refer\u00eancia tamb\u00e9m ao alinhamento entre os dois maiores planetas do sistema solar. O evento, que ocorre a cada 20 anos, raramente acontece de maneira t\u00e3o intensa como agora, a ponto da proximidade poder ser notada a olho nu em grande parte do mundo.<\/p>\n\n\n\n<p>De acordo com a Ag\u00eancia Aeroespacial Norte americana (NASA) a \u00faltima vez em que os planetas estiveram t\u00e3o pr\u00f3ximos no evento, denominado Grande Conjun\u00e7\u00e3o, foi h\u00e1 quase 400 anos. Al\u00e9m disso, a \u00faltima vez em que foi registrado durante a noite e pode ser visto da terra foi em 1226, aproximadamente 800 anos atr\u00e1s.<\/p>\n\n\n\n<p>Assim como no hemisf\u00e9rio Sul, o dia tamb\u00e9m marca a transi\u00e7\u00e3o de esta\u00e7\u00f5es nos pa\u00edses situados acima da Linha do Equador. A diferen\u00e7a \u00e9 que, no hemisf\u00e9rio Norte, a data define o fim do outono e in\u00edcio do inverno, per\u00edodo em que essa parte do planeta recebe menos luz solar durante o dia e, como consequ\u00eancia, fica menos aquecida. Nessa regi\u00e3o, o fen\u00f4meno da Grande Conjun\u00e7\u00e3o tamb\u00e9m poder\u00e1 ser observado em alguns pontos, ap\u00f3s o entardecer.<\/p>\n\n\n\n<p><em>(Fonte: TechTudo \/ Imagem: Google)<\/em><\/p>\n","protected":false},"excerpt":{"rendered":"<p>Buscador exibe anima\u00e7\u00e3o alusiva a aproxima\u00e7\u00e3o entre J\u00fapiter e Saturno<\/p>\n","protected":false},"author":17,"featured_media":68922,"comment_status":"closed","ping_status":"closed","sticky":false,"template":"","format":"standard","meta":{"footnotes":""},"categories":[7423,5159,1,2835],"tags":[1765,8173,8056],"class_list":["post-68920","post","type-post","status-publish","format-standard","has-post-thumbnail","hentry","category-astronomia","category-ciencias","category-noticias","category-tecnologia","tag-google","tag-jupiter-2","tag-saturno"],"_links":{"self":[{"href":"https:\/\/tvtecjundiai.com.br\/news\/wp-json\/wp\/v2\/posts\/68920","targetHints":{"allow":["GET"]}}],"collection":[{"href":"https:\/\/tvtecjundiai.com.br\/news\/wp-json\/wp\/v2\/posts"}],"about":[{"href":"https:\/\/tvtecjundiai.com.br\/news\/wp-json\/wp\/v2\/types\/post"}],"author":[{"embeddable":true,"href":"https:\/\/tvtecjundiai.com.br\/news\/wp-json\/wp\/v2\/users\/17"}],"replies":[{"embeddable":true,"href":"https:\/\/tvtecjundiai.com.br\/news\/wp-json\/wp\/v2\/comments?post=68920"}],"version-history":[{"count":1,"href":"https:\/\/tvtecjundiai.com.br\/news\/wp-json\/wp\/v2\/posts\/68920\/revisions"}],"predecessor-version":[{"id":68924,"href":"https:\/\/tvtecjundiai.com.br\/news\/wp-json\/wp\/v2\/posts\/68920\/revisions\/68924"}],"wp:featuredmedia":[{"embeddable":true,"href":"https:\/\/tvtecjundiai.com.br\/news\/wp-json\/wp\/v2\/media\/68922"}],"wp:attachment":[{"href":"https:\/\/tvtecjundiai.com.br\/news\/wp-json\/wp\/v2\/media?parent=68920"}],"wp:term":[{"taxonomy":"category","embeddable":true,"href":"https:\/\/tvtecjundiai.com.br\/news\/wp-json\/wp\/v2\/categories?post=68920"},{"taxonomy":"post_tag","embeddable":true,"href":"https:\/\/tvtecjundiai.com.br\/news\/wp-json\/wp\/v2\/tags?post=68920"}],"curies":[{"name":"wp","href":"https:\/\/api.w.org\/{rel}","templated":true}]}}