{"id":6894,"date":"2018-02-28T12:24:41","date_gmt":"2018-02-28T15:24:41","guid":{"rendered":"https:\/\/tvtecjundiai.com.br\/news\/?p=6894"},"modified":"2018-02-28T12:42:59","modified_gmt":"2018-02-28T15:42:59","slug":"cidades-parklet-musical-estaciona-em-jundiai-na-sexta-feira-2","status":"publish","type":"post","link":"https:\/\/tvtecjundiai.com.br\/news\/2018\/02\/28\/cidades-parklet-musical-estaciona-em-jundiai-na-sexta-feira-2\/","title":{"rendered":"Cultura: \u2018Parklet Musical\u2019 estaciona em Jundia\u00ed na sexta-feira (2)"},"content":{"rendered":"<div id=\"attachment_6895\" style=\"width: 410px\" class=\"wp-caption alignleft\"><a href=\"https:\/\/tvtecjundiai.com.br\/news\/wp-content\/uploads\/sites\/2\/2018\/02\/parklet_musical.jpg\"><img loading=\"lazy\" decoding=\"async\" aria-describedby=\"caption-attachment-6895\" class=\"wp-image-6895\" src=\"https:\/\/tvtecjundiai.com.br\/news\/wp-content\/uploads\/sites\/2\/2018\/02\/parklet_musical-300x200.jpg\" alt=\"\" width=\"400\" height=\"267\" srcset=\"https:\/\/tvtecjundiai.com.br\/news\/wp-content\/uploads\/sites\/2\/2018\/02\/parklet_musical-300x200.jpg 300w, https:\/\/tvtecjundiai.com.br\/news\/wp-content\/uploads\/sites\/2\/2018\/02\/parklet_musical-768x512.jpg 768w, https:\/\/tvtecjundiai.com.br\/news\/wp-content\/uploads\/sites\/2\/2018\/02\/parklet_musical-1200x800.jpg 1200w, https:\/\/tvtecjundiai.com.br\/news\/wp-content\/uploads\/sites\/2\/2018\/02\/parklet_musical.jpg 1280w\" sizes=\"auto, (max-width: 400px) 100vw, 400px\" \/><\/a><p id=\"caption-attachment-6895\" class=\"wp-caption-text\">Evento incentiva os m\u00fasicos independentes a promover a conviv\u00eancia dos moradores nos espa\u00e7os p\u00fablicos<\/p><\/div>\n<p>O primeiro parklet m\u00f3vel da Am\u00e9rica Latina chega a Jundia\u00ed nesta sexta-feira (2) com o show da Banda Tr\u00eas no Choro, a partir das 18h30. A pra\u00e7a sobre rodas integra o Circuito CPFL Parklet Musical e estaciona na rua Eduardo Tomanik, na Ch\u00e1cara Urbana, na altura do n\u00famero 148. O trio, composto por F\u00e1bio Floriano, no saxofone e clarineta; C\u00e1ssio Soares, no pandeiro; e Ara\u00ea Souza, no viol\u00e3o de 7 cordas, interpretam cl\u00e1ssicos desse g\u00eanero musical.<\/p>\n<p>A ideia do evento \u00e9 incentivar os m\u00fasicos independentes e promover a conviv\u00eancia dos moradores nos espa\u00e7os p\u00fablicos atrav\u00e9s de novas op\u00e7\u00f5es de lazer e da forma\u00e7\u00e3o cultural. O parklet conta ainda com bancos, floreiras, mesas e cadeiras, e alia funcionalidade e sustentabilidade, com sistema de capta\u00e7\u00e3o de \u00e1gua pluvial para auto irriga\u00e7\u00e3o e pain\u00e9is de energia fotovoltaica para alimenta\u00e7\u00e3o de energia el\u00e9trica.<\/p>\n<p><strong>O Circuito<br \/>\n<\/strong>O Circuito Parklet Cultural \u00e9 uma realiza\u00e7\u00e3o do Instituto CPFL, Aurora Documenta, Colchete Projetos Culturais e Soul Urbanismo e \u00e9 viabilizado pela lei de Incentivo \u00e0 Cultura do Programa de A\u00e7\u00e3o Cultural (ProAC) da secretaria estadual de Cultura e pelo patroc\u00ednio do Instituto CPFL. Por nove semanas, diversas bandas se apresentam no parklet, que percorrer\u00e1 2500 quil\u00f4metros por 33 cidade do interior do Estado durante os meses de mar\u00e7o e abril.<\/p>\n<p><em>(Fonte: Prefeitura de Jundia\u00ed)<\/em><\/p>\n","protected":false},"excerpt":{"rendered":"<p>Primeiro parklet m\u00f3vel da Am\u00e9rica Latina traz o show da Banda Tr\u00eas no Choro<\/p>\n","protected":false},"author":10,"featured_media":0,"comment_status":"closed","ping_status":"closed","sticky":false,"template":"","format":"standard","meta":{"footnotes":""},"categories":[29,1],"tags":[2363,2112,5,1034,2362,15],"class_list":["post-6894","post","type-post","status-publish","format-standard","hentry","category-destaque","category-noticias","tag-banda-tres-no-choro","tag-cidades","tag-jundiai","tag-musica","tag-parklet-movel","tag-tvtec"],"_links":{"self":[{"href":"https:\/\/tvtecjundiai.com.br\/news\/wp-json\/wp\/v2\/posts\/6894","targetHints":{"allow":["GET"]}}],"collection":[{"href":"https:\/\/tvtecjundiai.com.br\/news\/wp-json\/wp\/v2\/posts"}],"about":[{"href":"https:\/\/tvtecjundiai.com.br\/news\/wp-json\/wp\/v2\/types\/post"}],"author":[{"embeddable":true,"href":"https:\/\/tvtecjundiai.com.br\/news\/wp-json\/wp\/v2\/users\/10"}],"replies":[{"embeddable":true,"href":"https:\/\/tvtecjundiai.com.br\/news\/wp-json\/wp\/v2\/comments?post=6894"}],"version-history":[{"count":3,"href":"https:\/\/tvtecjundiai.com.br\/news\/wp-json\/wp\/v2\/posts\/6894\/revisions"}],"predecessor-version":[{"id":6898,"href":"https:\/\/tvtecjundiai.com.br\/news\/wp-json\/wp\/v2\/posts\/6894\/revisions\/6898"}],"wp:attachment":[{"href":"https:\/\/tvtecjundiai.com.br\/news\/wp-json\/wp\/v2\/media?parent=6894"}],"wp:term":[{"taxonomy":"category","embeddable":true,"href":"https:\/\/tvtecjundiai.com.br\/news\/wp-json\/wp\/v2\/categories?post=6894"},{"taxonomy":"post_tag","embeddable":true,"href":"https:\/\/tvtecjundiai.com.br\/news\/wp-json\/wp\/v2\/tags?post=6894"}],"curies":[{"name":"wp","href":"https:\/\/api.w.org\/{rel}","templated":true}]}}