{"id":68975,"date":"2020-12-22T09:38:23","date_gmt":"2020-12-22T12:38:23","guid":{"rendered":"https:\/\/tvtecjundiai.com.br\/news\/?p=68975"},"modified":"2020-12-22T09:38:23","modified_gmt":"2020-12-22T12:38:23","slug":"coleta-de-lixo-em-jundiai-tem-esquema-especial-no-final-de-ano","status":"publish","type":"post","link":"https:\/\/tvtecjundiai.com.br\/news\/2020\/12\/22\/coleta-de-lixo-em-jundiai-tem-esquema-especial-no-final-de-ano\/","title":{"rendered":"Coleta de lixo em Jundia\u00ed tem esquema especial no final de ano"},"content":{"rendered":"\n<p>Em fun\u00e7\u00e3o das festividades de fim de ano, os servi\u00e7os de coleta de lixo org\u00e2nico, de recicl\u00e1vel e de cata-treco, al\u00e9m da varri\u00e7\u00e3o de rua, n\u00e3o ser\u00e3o realizados no munic\u00edpio nas sextas-feiras, dias 25 de dezembro e 1\u00ba de janeiro.<\/p>\n\n\n\n<div class=\"wp-block-image\"><figure class=\"alignleft size-large is-resized\"><img decoding=\"async\" src=\"https:\/\/tvtecjundiai.com.br\/news\/wp-content\/uploads\/sites\/2\/2020\/12\/institucionais-coletores-de-lixo-ll_c_-31_-1200x800.jpg\" alt=\"\" class=\"wp-image-68979\" width=\"400\" srcset=\"https:\/\/tvtecjundiai.com.br\/news\/wp-content\/uploads\/sites\/2\/2020\/12\/institucionais-coletores-de-lixo-ll_c_-31_-1200x800.jpg 1200w, https:\/\/tvtecjundiai.com.br\/news\/wp-content\/uploads\/sites\/2\/2020\/12\/institucionais-coletores-de-lixo-ll_c_-31_-300x200.jpg 300w, https:\/\/tvtecjundiai.com.br\/news\/wp-content\/uploads\/sites\/2\/2020\/12\/institucionais-coletores-de-lixo-ll_c_-31_-768x512.jpg 768w, https:\/\/tvtecjundiai.com.br\/news\/wp-content\/uploads\/sites\/2\/2020\/12\/institucionais-coletores-de-lixo-ll_c_-31_.jpg 1280w\" sizes=\"(max-width: 1200px) 100vw, 1200px\" \/><figcaption>Coleta de lixo org\u00e2nico e recicl\u00e1vel, cata-treco e varri\u00e7\u00e3o de rua n\u00e3o ser\u00e3o realizados nos dias 25 de dezembro e 1\u00ba de janeiro<\/figcaption><\/figure><\/div>\n\n\n\n<p>A coleta de lixo org\u00e2nico retorna \u00e0 normalidade nos dias 26 de dezembro e 2 de janeiro. Os demais servi\u00e7os \u2013 recicl\u00e1vel cata-trecho e varri\u00e7\u00e3o \u2013, ap\u00f3s a festividade de Natal e de R\u00e9veillon, tamb\u00e9m seguem a programa\u00e7\u00e3o normal, retornando nas segundas-feiras: 28 de dezembro e 4 de janeiro.<br><br>O Departamento de Limpeza P\u00fablica da Unidade de Gest\u00e3o de Infraestrutura e Servi\u00e7os P\u00fablicos (UGISP) orienta que os moradores n\u00e3o efetuem a dispensa\u00e7\u00e3o dos res\u00edduos nos dias em que n\u00e3o haver\u00e1 a coleta a fim de evitar o ac\u00famulo de desejos nas ruas.<\/p>\n\n\n\n<p>O esquema diferenciado do servi\u00e7o no final do ano ocorre, h\u00e1 mais de 10 anos, para permitir que os trabalhadores da limpeza urbana possam ficar com seus familiares nas duas datas festivas.<\/p>\n\n\n\n<p><em>(Fonte\/Imagem: Prefeitura de Jundia\u00ed) <\/em><\/p>\n","protected":false},"excerpt":{"rendered":"<p>Esquema diferenciado do servi\u00e7o ocorre h\u00e1 mais de 10 anos no munic\u00edpio<\/p>\n","protected":false},"author":10,"featured_media":68979,"comment_status":"closed","ping_status":"closed","sticky":false,"template":"","format":"standard","meta":{"footnotes":""},"categories":[2834,29,1],"tags":[],"class_list":["post-68975","post","type-post","status-publish","format-standard","has-post-thumbnail","hentry","category-cidades","category-destaque","category-noticias"],"_links":{"self":[{"href":"https:\/\/tvtecjundiai.com.br\/news\/wp-json\/wp\/v2\/posts\/68975","targetHints":{"allow":["GET"]}}],"collection":[{"href":"https:\/\/tvtecjundiai.com.br\/news\/wp-json\/wp\/v2\/posts"}],"about":[{"href":"https:\/\/tvtecjundiai.com.br\/news\/wp-json\/wp\/v2\/types\/post"}],"author":[{"embeddable":true,"href":"https:\/\/tvtecjundiai.com.br\/news\/wp-json\/wp\/v2\/users\/10"}],"replies":[{"embeddable":true,"href":"https:\/\/tvtecjundiai.com.br\/news\/wp-json\/wp\/v2\/comments?post=68975"}],"version-history":[{"count":1,"href":"https:\/\/tvtecjundiai.com.br\/news\/wp-json\/wp\/v2\/posts\/68975\/revisions"}],"predecessor-version":[{"id":68984,"href":"https:\/\/tvtecjundiai.com.br\/news\/wp-json\/wp\/v2\/posts\/68975\/revisions\/68984"}],"wp:featuredmedia":[{"embeddable":true,"href":"https:\/\/tvtecjundiai.com.br\/news\/wp-json\/wp\/v2\/media\/68979"}],"wp:attachment":[{"href":"https:\/\/tvtecjundiai.com.br\/news\/wp-json\/wp\/v2\/media?parent=68975"}],"wp:term":[{"taxonomy":"category","embeddable":true,"href":"https:\/\/tvtecjundiai.com.br\/news\/wp-json\/wp\/v2\/categories?post=68975"},{"taxonomy":"post_tag","embeddable":true,"href":"https:\/\/tvtecjundiai.com.br\/news\/wp-json\/wp\/v2\/tags?post=68975"}],"curies":[{"name":"wp","href":"https:\/\/api.w.org\/{rel}","templated":true}]}}