{"id":69016,"date":"2020-12-22T10:53:30","date_gmt":"2020-12-22T13:53:30","guid":{"rendered":"https:\/\/tvtecjundiai.com.br\/news\/?p=69016"},"modified":"2020-12-22T10:54:12","modified_gmt":"2020-12-22T13:54:12","slug":"valor-do-ipva-2021-ja-esta-disponivel-para-consulta","status":"publish","type":"post","link":"https:\/\/tvtecjundiai.com.br\/news\/2020\/12\/22\/valor-do-ipva-2021-ja-esta-disponivel-para-consulta\/","title":{"rendered":"Valor do IPVA 2021 j\u00e1 est\u00e1 dispon\u00edvel para consulta"},"content":{"rendered":"\n<p>Os propriet\u00e1rios de ve\u00edculos registrados no Estado de S\u00e3o Paulo podem conferir o valor do Imposto sobre a Propriedade de Ve\u00edculos Automotores (IPVA) de 2021 em toda a rede banc\u00e1ria a partir desta ter\u00e7a-feira (22). A consulta pode ser realizada nos terminais de autoatendimento, pela internet ou diretamente nas ag\u00eancias, bastando informar o n\u00famero do Renavam.<\/p>\n\n\n\n<p>\u00c9 poss\u00edvel verificar diretamente no <a rel=\"noreferrer noopener\" href=\"https:\/\/portal.fazenda.sp.gov.br\/servicos\/ipva\/Paginas\/Sobre.aspx\" data-type=\"URL\" data-id=\"https:\/\/portal.fazenda.sp.gov.br\/servicos\/ipva\/Paginas\/Sobre.aspx\" target=\"_blank\">portal<\/a> da Secretaria da Fazenda e Planejamento, mediante o n\u00famero do Renavam e placa do ve\u00edculo. Tamb\u00e9m \u00e9 no portal da Fazenda que propriet\u00e1rios de ve\u00edculos para pessoas com defici\u00eancia (PCD) poder\u00e3o consultar se permanecer\u00e3o com o benef\u00edcio de isen\u00e7\u00e3o do IPVA ou se j\u00e1 dever\u00e3o se programar para pagar o imposto de 2021.<\/p>\n\n\n\n<p>O propriet\u00e1rio tem at\u00e9 a data de vencimento da placa (<em>veja tabela abaixo<\/em>) para quitar o imposto em cota \u00fanica, com desconto, ou pagar a primeira parcela do tributo. <\/p>\n\n\n\n<div class=\"wp-block-image\"><figure class=\"aligncenter size-large\"><a href=\"https:\/\/tvtecjundiai.com.br\/news\/wp-content\/uploads\/sites\/2\/2020\/12\/unnamed-1.jpg\"><img loading=\"lazy\" decoding=\"async\" width=\"544\" height=\"780\" src=\"https:\/\/tvtecjundiai.com.br\/news\/wp-content\/uploads\/sites\/2\/2020\/12\/unnamed-1.jpg\" alt=\"\" class=\"wp-image-69018\" srcset=\"https:\/\/tvtecjundiai.com.br\/news\/wp-content\/uploads\/sites\/2\/2020\/12\/unnamed-1.jpg 544w, https:\/\/tvtecjundiai.com.br\/news\/wp-content\/uploads\/sites\/2\/2020\/12\/unnamed-1-300x430.jpg 300w\" sizes=\"auto, (max-width: 544px) 100vw, 544px\" \/><\/a><\/figure><\/div>\n\n\n\n<p>A partir de 4 de janeiro de 2021, o contribuinte que desejar tamb\u00e9m pode optar pelo licenciamento antecipado e realizar o pagamento independentemente do n\u00famero final da placa do ve\u00edculo:<\/p>\n\n\n\n<p>\u2022 em cota \u00fanica, at\u00e9 o dia 20 de janeiro de 2020, com desconto de 3%;<br>\u2022 em cota \u00fanica, at\u00e9 o dia 25 de fevereiro de 2020, sem desconto;<br>\u2022 at\u00e9 o dia 22 de mar\u00e7o de 2020, relativamente ao pagamento da terceira parcela, quando tenha ocorrido a op\u00e7\u00e3o pelo parcelamento.<\/p>\n\n\n\n<p>Quem deixar de recolher o imposto fica sujeito a multa de 0,33% por dia de atraso e juros de mora com base na taxa Selic. Passados 60 dias, o percentual da multa fixa-se em 20% do valor do imposto.<\/p>\n\n\n\n<p><em>(Fonte\/ Imagens: Divulga\u00e7\u00e3o)<\/em><\/p>\n","protected":false},"excerpt":{"rendered":"<p>A partir desta ter\u00e7a-feira (22), propriet\u00e1rios j\u00e1 podem fazer a consulta<\/p>\n","protected":false},"author":18,"featured_media":69019,"comment_status":"closed","ping_status":"closed","sticky":false,"template":"","format":"standard","meta":{"footnotes":""},"categories":[29,3060,1],"tags":[1903,8207],"class_list":["post-69016","post","type-post","status-publish","format-standard","has-post-thumbnail","hentry","category-destaque","category-geral","category-noticias","tag-brasil","tag-ipva-2021"],"_links":{"self":[{"href":"https:\/\/tvtecjundiai.com.br\/news\/wp-json\/wp\/v2\/posts\/69016","targetHints":{"allow":["GET"]}}],"collection":[{"href":"https:\/\/tvtecjundiai.com.br\/news\/wp-json\/wp\/v2\/posts"}],"about":[{"href":"https:\/\/tvtecjundiai.com.br\/news\/wp-json\/wp\/v2\/types\/post"}],"author":[{"embeddable":true,"href":"https:\/\/tvtecjundiai.com.br\/news\/wp-json\/wp\/v2\/users\/18"}],"replies":[{"embeddable":true,"href":"https:\/\/tvtecjundiai.com.br\/news\/wp-json\/wp\/v2\/comments?post=69016"}],"version-history":[{"count":3,"href":"https:\/\/tvtecjundiai.com.br\/news\/wp-json\/wp\/v2\/posts\/69016\/revisions"}],"predecessor-version":[{"id":69022,"href":"https:\/\/tvtecjundiai.com.br\/news\/wp-json\/wp\/v2\/posts\/69016\/revisions\/69022"}],"wp:featuredmedia":[{"embeddable":true,"href":"https:\/\/tvtecjundiai.com.br\/news\/wp-json\/wp\/v2\/media\/69019"}],"wp:attachment":[{"href":"https:\/\/tvtecjundiai.com.br\/news\/wp-json\/wp\/v2\/media?parent=69016"}],"wp:term":[{"taxonomy":"category","embeddable":true,"href":"https:\/\/tvtecjundiai.com.br\/news\/wp-json\/wp\/v2\/categories?post=69016"},{"taxonomy":"post_tag","embeddable":true,"href":"https:\/\/tvtecjundiai.com.br\/news\/wp-json\/wp\/v2\/tags?post=69016"}],"curies":[{"name":"wp","href":"https:\/\/api.w.org\/{rel}","templated":true}]}}