{"id":6923,"date":"2018-03-01T10:54:16","date_gmt":"2018-03-01T13:54:16","guid":{"rendered":"https:\/\/tvtecjundiai.com.br\/news\/?p=6923"},"modified":"2018-03-01T10:54:16","modified_gmt":"2018-03-01T13:54:16","slug":"tecnologia-facebook-lancara-funcao-de-busca-de-empregos-no-brasil","status":"publish","type":"post","link":"https:\/\/tvtecjundiai.com.br\/news\/2018\/03\/01\/tecnologia-facebook-lancara-funcao-de-busca-de-empregos-no-brasil\/","title":{"rendered":"Tecnologia: Facebook lan\u00e7ar\u00e1 fun\u00e7\u00e3o de busca de empregos no Brasil"},"content":{"rendered":"<div class=\"mc-column content-text active-extra-styles active-capital-letter\" data-block-type=\"unstyled\" data-block-weight=\"59\" data-block-id=\"1\">\n<div id=\"attachment_6924\" style=\"width: 360px\" class=\"wp-caption alignright\"><a href=\"https:\/\/tvtecjundiai.com.br\/news\/wp-content\/uploads\/sites\/2\/2018\/03\/facebook-anuncia-recurso-para-buscar-empregos.jpg\"><img loading=\"lazy\" decoding=\"async\" aria-describedby=\"caption-attachment-6924\" class=\"wp-image-6924\" src=\"https:\/\/tvtecjundiai.com.br\/news\/wp-content\/uploads\/sites\/2\/2018\/03\/facebook-anuncia-recurso-para-buscar-empregos-300x257.jpg\" alt=\"\" width=\"350\" height=\"300\" srcset=\"https:\/\/tvtecjundiai.com.br\/news\/wp-content\/uploads\/sites\/2\/2018\/03\/facebook-anuncia-recurso-para-buscar-empregos-300x257.jpg 300w, https:\/\/tvtecjundiai.com.br\/news\/wp-content\/uploads\/sites\/2\/2018\/03\/facebook-anuncia-recurso-para-buscar-empregos-768x658.jpg 768w, https:\/\/tvtecjundiai.com.br\/news\/wp-content\/uploads\/sites\/2\/2018\/03\/facebook-anuncia-recurso-para-buscar-empregos-1121x960.jpg 1121w, https:\/\/tvtecjundiai.com.br\/news\/wp-content\/uploads\/sites\/2\/2018\/03\/facebook-anuncia-recurso-para-buscar-empregos.jpg 1600w\" sizes=\"auto, (max-width: 350px) 100vw, 350px\" \/><\/a><p id=\"caption-attachment-6924\" class=\"wp-caption-text\">Ferramente deve chegar ao pa\u00eds nas pr\u00f3ximas semanas<\/p><\/div>\n<p class=\"content-text__container theme-color-primary-first-letter\" data-track-category=\"Link no Texto\" data-track-links=\"\">O Facebook<strong>\u00a0<\/strong>anunciou, nesta quarta-feira (28), que o\u00a0recurso para procurar empregos\u00a0chegar\u00e1 em mais 40 pa\u00edses, incluindo o Brasil. A ferramenta oferece ao usu\u00e1rio diversos filtros de pesquisa para tornar mais exato o resultado de busca e permite encontrar as vagas de trabalho na aba \u201cJobs\u201d (\u201cEmpregos\u201d), na p\u00e1gina da empresa, no Feed de Not\u00edcias e no\u00a0Marketplace.<\/p>\n<\/div>\n<div class=\"mc-column content-text active-extra-styles \" data-block-type=\"unstyled\" data-block-weight=\"50\" data-block-id=\"2\">\n<p class=\"content-text__container \" data-track-category=\"Link no Texto\" data-track-links=\"\">A fun\u00e7\u00e3o, que estava dispon\u00edvel nos Estados Unidos e no Canad\u00e1 desde fevereiro de 2017, tamb\u00e9m emite alertas de novas oportunidades de trabalho de acordo com o perfil profissional do candidato. O empregador pode usar o\u00a0Facebook Messenger\u00a0para agendar entrevistas e at\u00e9 mesmo enviar uma mensagem autom\u00e1tica aos candidatos.<\/p>\n<\/div>\n<div class=\"mc-column content-text active-extra-styles \" data-block-type=\"unstyled\" data-block-weight=\"17\" data-block-id=\"3\">\n<p class=\"content-text__container \" data-track-category=\"Link no Texto\" data-track-links=\"\">O Facebook explicou que a ferramenta deve ser disponibilizada no Brasil nas pr\u00f3ximas semanas.<\/p>\n<p data-track-category=\"Link no Texto\" data-track-links=\"\"><em>(Fonte: Techtudo)<\/em><\/p>\n<\/div>\n","protected":false},"excerpt":{"rendered":"<p>Ferramente deve chegar ao pa\u00eds nas pr\u00f3ximas semanas<\/p>\n","protected":false},"author":10,"featured_media":6925,"comment_status":"closed","ping_status":"closed","sticky":false,"template":"","format":"standard","meta":{"footnotes":""},"categories":[1],"tags":[1903,37,237,353,15],"class_list":["post-6923","post","type-post","status-publish","format-standard","has-post-thumbnail","hentry","category-noticias","tag-brasil","tag-emprego","tag-facebook","tag-tecnologia","tag-tvtec"],"_links":{"self":[{"href":"https:\/\/tvtecjundiai.com.br\/news\/wp-json\/wp\/v2\/posts\/6923","targetHints":{"allow":["GET"]}}],"collection":[{"href":"https:\/\/tvtecjundiai.com.br\/news\/wp-json\/wp\/v2\/posts"}],"about":[{"href":"https:\/\/tvtecjundiai.com.br\/news\/wp-json\/wp\/v2\/types\/post"}],"author":[{"embeddable":true,"href":"https:\/\/tvtecjundiai.com.br\/news\/wp-json\/wp\/v2\/users\/10"}],"replies":[{"embeddable":true,"href":"https:\/\/tvtecjundiai.com.br\/news\/wp-json\/wp\/v2\/comments?post=6923"}],"version-history":[{"count":1,"href":"https:\/\/tvtecjundiai.com.br\/news\/wp-json\/wp\/v2\/posts\/6923\/revisions"}],"predecessor-version":[{"id":6926,"href":"https:\/\/tvtecjundiai.com.br\/news\/wp-json\/wp\/v2\/posts\/6923\/revisions\/6926"}],"wp:featuredmedia":[{"embeddable":true,"href":"https:\/\/tvtecjundiai.com.br\/news\/wp-json\/wp\/v2\/media\/6925"}],"wp:attachment":[{"href":"https:\/\/tvtecjundiai.com.br\/news\/wp-json\/wp\/v2\/media?parent=6923"}],"wp:term":[{"taxonomy":"category","embeddable":true,"href":"https:\/\/tvtecjundiai.com.br\/news\/wp-json\/wp\/v2\/categories?post=6923"},{"taxonomy":"post_tag","embeddable":true,"href":"https:\/\/tvtecjundiai.com.br\/news\/wp-json\/wp\/v2\/tags?post=6923"}],"curies":[{"name":"wp","href":"https:\/\/api.w.org\/{rel}","templated":true}]}}