{"id":69311,"date":"2020-12-28T09:30:00","date_gmt":"2020-12-28T12:30:00","guid":{"rendered":"https:\/\/tvtecjundiai.com.br\/news\/?p=69311"},"modified":"2020-12-23T17:49:13","modified_gmt":"2020-12-23T20:49:13","slug":"nasa-finaliza-plataforma-para-voos-comerciais-ao-espaco","status":"publish","type":"post","link":"https:\/\/tvtecjundiai.com.br\/news\/2020\/12\/28\/nasa-finaliza-plataforma-para-voos-comerciais-ao-espaco\/","title":{"rendered":"Nasa finaliza plataforma para voos comerciais ao espa\u00e7o"},"content":{"rendered":"\n<div class=\"wp-block-image\"><figure class=\"alignright size-medium is-resized\"><a href=\"https:\/\/tvtecjundiai.com.br\/news\/wp-content\/uploads\/sites\/2\/2020\/12\/Wangkun-Jia.Shutterstock.jpg\"><img loading=\"lazy\" decoding=\"async\" src=\"https:\/\/tvtecjundiai.com.br\/news\/wp-content\/uploads\/sites\/2\/2020\/12\/Wangkun-Jia.Shutterstock-300x199.jpg\" alt=\"\" class=\"wp-image-69312\" width=\"473\" height=\"314\" srcset=\"https:\/\/tvtecjundiai.com.br\/news\/wp-content\/uploads\/sites\/2\/2020\/12\/Wangkun-Jia.Shutterstock-300x199.jpg 300w, https:\/\/tvtecjundiai.com.br\/news\/wp-content\/uploads\/sites\/2\/2020\/12\/Wangkun-Jia.Shutterstock-768x510.jpg 768w, https:\/\/tvtecjundiai.com.br\/news\/wp-content\/uploads\/sites\/2\/2020\/12\/Wangkun-Jia.Shutterstock.jpg 1000w\" sizes=\"auto, (max-width: 473px) 100vw, 473px\" \/><\/a><figcaption>Nasa terminou de construir plataforma exclusiva para foguetes de voos comerciais menores<\/figcaption><\/figure><\/div>\n\n\n\n<p>A&nbsp;Nasa&nbsp;concluiu a constru\u00e7\u00e3o do Launch Complex 48 (LC-48), uma plataforma de lan\u00e7amento para&nbsp;voos espaciais&nbsp;comerciais. O complexo instalado no Space Center, na&nbsp;Fl\u00f3rida,&nbsp;poder\u00e1 lan\u00e7ar&nbsp;espa\u00e7onaves&nbsp;menores e alavancar&nbsp;miss\u00f5es espaciais&nbsp;do g\u00eanero.<\/p>\n\n\n\n<p>O local foi projetado para suportar at\u00e9 52 lan\u00e7amentos por ano. Toda infraestrutura foi pensada de forma a atender as necessidades das empresas que se interessarem pelo programa. Desse modo, a plataforma poder\u00e1 ser utilizada \u201cpor m\u00faltiplos fornecedores, sem estruturas permanentes, permitindo configura\u00e7\u00f5es flex\u00edveis de acordo com quem a utiliza\u201d, relata o&nbsp;site TechCrunch.<\/p>\n\n\n\n<p>Entretanto, a Nasa destaca que ainda n\u00e3o possui uma lista de empresas que usar\u00e3o a plataforma. A carteira de parceiros poder\u00e1 incluir a&nbsp;Boeing, apesar dela ter suspendido seu projeto referente ao avi\u00e3o espacial Phantom Express (XS-1). Igualmente, outra poss\u00edvel parceria poder\u00e1 ser firmada com a Astra, com seu ve\u00edculo de lan\u00e7amento Rocket 3.<\/p>\n\n\n\n<p>\u201cV\u00e1rias pessoas nos procuraram sobre o Launch Complex 48, que ainda n\u00e3o est\u00e3o em posi\u00e7\u00e3o de us\u00e1-lo, mas est\u00e3o chegando perto. Estamos continuando essas discuss\u00f5es.&nbsp;Minha expectativa \u00e9 que durante o per\u00edodo de 2021, come\u00e7aremos a ver empresas lan\u00e7arem a partir do LC-48\u201d, afirmou Tom Engler, diretor de Planejamento e Desenvolvimento do Centro Espacial Kennedy.&nbsp;<\/p>\n\n\n\n<div class=\"wp-block-image\"><figure class=\"alignleft size-medium is-resized\"><a href=\"https:\/\/tvtecjundiai.com.br\/news\/wp-content\/uploads\/sites\/2\/2020\/12\/Nasa.Divulgacao-1024x671-1.jpg\"><img loading=\"lazy\" decoding=\"async\" src=\"https:\/\/tvtecjundiai.com.br\/news\/wp-content\/uploads\/sites\/2\/2020\/12\/Nasa.Divulgacao-1024x671-1-300x197.jpg\" alt=\"\" class=\"wp-image-69313\" width=\"479\" height=\"315\" srcset=\"https:\/\/tvtecjundiai.com.br\/news\/wp-content\/uploads\/sites\/2\/2020\/12\/Nasa.Divulgacao-1024x671-1-300x197.jpg 300w, https:\/\/tvtecjundiai.com.br\/news\/wp-content\/uploads\/sites\/2\/2020\/12\/Nasa.Divulgacao-1024x671-1-768x503.jpg 768w, https:\/\/tvtecjundiai.com.br\/news\/wp-content\/uploads\/sites\/2\/2020\/12\/Nasa.Divulgacao-1024x671-1.jpg 1024w\" sizes=\"auto, (max-width: 479px) 100vw, 479px\" \/><\/a><figcaption><em>As plataformas j\u00e1 existentes no Complexo da Nasa, na Fl\u00f3rida, j\u00e1 acolheram famosos foguetes<\/em><\/figcaption><\/figure><\/div>\n\n\n\n<p><strong>Hist\u00f3rico<\/strong><\/p>\n\n\n\n<p>O LC-48 come\u00e7ou a ser projetado em 2016, para que voos comerciais n\u00e3o ficassem sob completa depend\u00eancia dos lan\u00e7amentos do Programa&nbsp;Artemis, que pretende levar humanos \u00e0&nbsp;Lua&nbsp;em 2024. Em 2018, empreiteiros foram contratados para finalizar o design da obra, e, em 2019, as constru\u00e7\u00f5es foram iniciadas.<\/p>\n\n\n\n<p>Apesar de uma pausa nos trabalhos em mar\u00e7o de 2020 por conta da&nbsp;pandemia&nbsp;de&nbsp;Covid-19, o Complexo foi retomado em junho e finalizado em outubro. O local \u00e9 o primeiro constru\u00eddo no Space Center da Fl\u00f3rida desde 1960. As plataformas LC-39A e B j\u00e1 abrigaram os enormes foguetes Apollo Saturn IB e V, \u00f4nibus espaciais, Ares IX,&nbsp;Falcon 9&nbsp;e Falcon Heavies.<\/p>\n\n\n\n<p><em>(Fonte\/Imagem: Olhar Digital)<\/em><\/p>\n","protected":false},"excerpt":{"rendered":"<p>Complexo instalado na Fl\u00f3rida poder\u00e1 lan\u00e7ar espa\u00e7onaves menores<\/p>\n","protected":false},"author":17,"featured_media":69313,"comment_status":"closed","ping_status":"closed","sticky":false,"template":"","format":"standard","meta":{"footnotes":""},"categories":[4665,1,2835],"tags":[7705,8225,2200,8224],"class_list":["post-69311","post","type-post","status-publish","format-standard","has-post-thumbnail","hentry","category-internacional","category-noticias","category-tecnologia","tag-espaco","tag-espaconave","tag-nasa","tag-voos-comerciais"],"_links":{"self":[{"href":"https:\/\/tvtecjundiai.com.br\/news\/wp-json\/wp\/v2\/posts\/69311","targetHints":{"allow":["GET"]}}],"collection":[{"href":"https:\/\/tvtecjundiai.com.br\/news\/wp-json\/wp\/v2\/posts"}],"about":[{"href":"https:\/\/tvtecjundiai.com.br\/news\/wp-json\/wp\/v2\/types\/post"}],"author":[{"embeddable":true,"href":"https:\/\/tvtecjundiai.com.br\/news\/wp-json\/wp\/v2\/users\/17"}],"replies":[{"embeddable":true,"href":"https:\/\/tvtecjundiai.com.br\/news\/wp-json\/wp\/v2\/comments?post=69311"}],"version-history":[{"count":4,"href":"https:\/\/tvtecjundiai.com.br\/news\/wp-json\/wp\/v2\/posts\/69311\/revisions"}],"predecessor-version":[{"id":69321,"href":"https:\/\/tvtecjundiai.com.br\/news\/wp-json\/wp\/v2\/posts\/69311\/revisions\/69321"}],"wp:featuredmedia":[{"embeddable":true,"href":"https:\/\/tvtecjundiai.com.br\/news\/wp-json\/wp\/v2\/media\/69313"}],"wp:attachment":[{"href":"https:\/\/tvtecjundiai.com.br\/news\/wp-json\/wp\/v2\/media?parent=69311"}],"wp:term":[{"taxonomy":"category","embeddable":true,"href":"https:\/\/tvtecjundiai.com.br\/news\/wp-json\/wp\/v2\/categories?post=69311"},{"taxonomy":"post_tag","embeddable":true,"href":"https:\/\/tvtecjundiai.com.br\/news\/wp-json\/wp\/v2\/tags?post=69311"}],"curies":[{"name":"wp","href":"https:\/\/api.w.org\/{rel}","templated":true}]}}