{"id":69366,"date":"2020-12-27T09:48:24","date_gmt":"2020-12-27T12:48:24","guid":{"rendered":"https:\/\/tvtecjundiai.com.br\/news\/?p=69366"},"modified":"2020-12-27T09:51:28","modified_gmt":"2020-12-27T12:51:28","slug":"uniao-europeia-comeca-campanha-para-vacinar-450-milhoes-de-pessoas","status":"publish","type":"post","link":"https:\/\/tvtecjundiai.com.br\/news\/2020\/12\/27\/uniao-europeia-comeca-campanha-para-vacinar-450-milhoes-de-pessoas\/","title":{"rendered":"Uni\u00e3o Europeia come\u00e7a campanha para vacinar 450 milh\u00f5es de pessoas"},"content":{"rendered":"\n<p>Os pa\u00edses da&nbsp;Uni\u00e3o Europeia&nbsp;come\u00e7aram neste domingo (27) a campanha de vacina\u00e7\u00e3o contra a Covid-19. Moradores de asilos para idosos e profissionais de sa\u00fade s\u00e3o os primeiros a receber a inje\u00e7\u00e3o. Os europeus est\u00e3o recebendo a vacina desenvolvida pela Pfizer em conjunto com a BioNTech.<\/p>\n\n\n\n<div class=\"wp-block-image\"><figure class=\"alignright size-medium is-resized\"><a href=\"https:\/\/tvtecjundiai.com.br\/news\/wp-content\/uploads\/sites\/2\/2020\/12\/000-8xr8r7-1-.jpg\"><img loading=\"lazy\" decoding=\"async\" src=\"https:\/\/tvtecjundiai.com.br\/news\/wp-content\/uploads\/sites\/2\/2020\/12\/000-8xr8r7-1--300x200.jpg\" alt=\"\" class=\"wp-image-69367\" width=\"468\" height=\"312\" srcset=\"https:\/\/tvtecjundiai.com.br\/news\/wp-content\/uploads\/sites\/2\/2020\/12\/000-8xr8r7-1--300x200.jpg 300w, https:\/\/tvtecjundiai.com.br\/news\/wp-content\/uploads\/sites\/2\/2020\/12\/000-8xr8r7-1--768x512.jpg 768w, https:\/\/tvtecjundiai.com.br\/news\/wp-content\/uploads\/sites\/2\/2020\/12\/000-8xr8r7-1-.jpg 1008w\" sizes=\"auto, (max-width: 468px) 100vw, 468px\" \/><\/a><figcaption>Edith Kwoizalla, de 101 anos, foi a primeira alem\u00e3 a ser vacinada<\/figcaption><\/figure><\/div>\n\n\n\n<p>Somados, os 27 pa\u00edses do bloco t\u00eam cerca de 450 milh\u00f5es de habitantes. A Uni\u00e3o Europeia firmou contrato com diversos fornecedores &#8211;com os diferentes acordos, garantiu mais de 2 bilh\u00f5es de doses. A meta \u00e9 vacinar todos os adultos em 2021.<\/p>\n\n\n\n<p>Araceli Hidalgo, de 96 anos, uma espanhola, foi uma das que j\u00e1 foram vacinadas. Ela disse aos funcion\u00e1rios do asilo onde ela mora, na cidade de Guadalajara, que n\u00e3o sentiu nenhum efeito adverso. Na It\u00e1lia, o primeiro pa\u00eds na Europa a ser atingido pela pandemia, Claudia Alivernini, de 29 anos, uma enfermeira, recebeu a vacina. &#8220;\u00c9 o come\u00e7o do fim. \u00c9 um momento hist\u00f3rico e emocionante&#8221;, disse.<\/p>\n\n\n\n<p>Um dia antes, s\u00e1bado (26), a Alemanha come\u00e7ou a vacina\u00e7\u00e3o no pa\u00eds. Segundo a ag\u00eancia Reuters, Edith Kwoizalla foi a primeira alem\u00e3 a receber a vacina no pa\u00eds. A idosa de 101 anos mora com mais 40 residentes e 11 funcion\u00e1rios.<\/p>\n\n\n\n<p>Os pa\u00edses da Europa t\u00eam alguns dos sistemas de sa\u00fade mais bem equipados do mundo, mas como essa campanha de vacina\u00e7\u00e3o \u00e9 muito grande, m\u00e9dicos aposentados t\u00eam sido chamados para dar as inje\u00e7\u00f5es.<\/p>\n\n\n\n<p>Os l\u00edderes de governos dizem que a vacina \u00e9 a melhor chance dos pa\u00edses voltarem a ter uma vida normal em 2021. &#8220;Estamos come\u00e7ando a virar a p\u00e1gina de um ano dif\u00edcil, a vacina\u00e7\u00e3o \u00e9 o jeito definitivo de sair da pandemia&#8221;, disse Ursula von der Leyen, a presidente da Comiss\u00e3o Europeia em uma rede social.<\/p>\n\n\n\n<p><em>(Fonte\/Imagem: G1)<\/em><\/p>\n","protected":false},"excerpt":{"rendered":"<p>Pacientes priorit\u00e1rios s\u00e3o moradores de asilos e profissionais de sa\u00fade<\/p>\n","protected":false},"author":17,"featured_media":69367,"comment_status":"closed","ping_status":"closed","sticky":false,"template":"","format":"standard","meta":{"footnotes":""},"categories":[29,4665,1,2839],"tags":[7444,47],"class_list":["post-69366","post","type-post","status-publish","format-standard","has-post-thumbnail","hentry","category-destaque","category-internacional","category-noticias","category-saude","tag-uniao-europeia","tag-vacinacao"],"_links":{"self":[{"href":"https:\/\/tvtecjundiai.com.br\/news\/wp-json\/wp\/v2\/posts\/69366","targetHints":{"allow":["GET"]}}],"collection":[{"href":"https:\/\/tvtecjundiai.com.br\/news\/wp-json\/wp\/v2\/posts"}],"about":[{"href":"https:\/\/tvtecjundiai.com.br\/news\/wp-json\/wp\/v2\/types\/post"}],"author":[{"embeddable":true,"href":"https:\/\/tvtecjundiai.com.br\/news\/wp-json\/wp\/v2\/users\/17"}],"replies":[{"embeddable":true,"href":"https:\/\/tvtecjundiai.com.br\/news\/wp-json\/wp\/v2\/comments?post=69366"}],"version-history":[{"count":2,"href":"https:\/\/tvtecjundiai.com.br\/news\/wp-json\/wp\/v2\/posts\/69366\/revisions"}],"predecessor-version":[{"id":69370,"href":"https:\/\/tvtecjundiai.com.br\/news\/wp-json\/wp\/v2\/posts\/69366\/revisions\/69370"}],"wp:featuredmedia":[{"embeddable":true,"href":"https:\/\/tvtecjundiai.com.br\/news\/wp-json\/wp\/v2\/media\/69367"}],"wp:attachment":[{"href":"https:\/\/tvtecjundiai.com.br\/news\/wp-json\/wp\/v2\/media?parent=69366"}],"wp:term":[{"taxonomy":"category","embeddable":true,"href":"https:\/\/tvtecjundiai.com.br\/news\/wp-json\/wp\/v2\/categories?post=69366"},{"taxonomy":"post_tag","embeddable":true,"href":"https:\/\/tvtecjundiai.com.br\/news\/wp-json\/wp\/v2\/tags?post=69366"}],"curies":[{"name":"wp","href":"https:\/\/api.w.org\/{rel}","templated":true}]}}