{"id":6957,"date":"2018-03-01T12:49:58","date_gmt":"2018-03-01T15:49:58","guid":{"rendered":"https:\/\/tvtecjundiai.com.br\/news\/?p=6957"},"modified":"2018-03-02T10:59:56","modified_gmt":"2018-03-02T13:59:56","slug":"cidades-mobilidade-e-transporte-apresenta-decreto-revisado-a-motoristas-de-aplicativos","status":"publish","type":"post","link":"https:\/\/tvtecjundiai.com.br\/news\/2018\/03\/01\/cidades-mobilidade-e-transporte-apresenta-decreto-revisado-a-motoristas-de-aplicativos\/","title":{"rendered":"Cidades: UGMT apresenta decreto revisado a motoristas de aplicativos"},"content":{"rendered":"<div id=\"attachment_6958\" style=\"width: 405px\" class=\"wp-caption alignright\"><a href=\"https:\/\/tvtecjundiai.com.br\/news\/wp-content\/uploads\/sites\/2\/2018\/03\/silvestre-uber.jpeg\"><img loading=\"lazy\" decoding=\"async\" aria-describedby=\"caption-attachment-6958\" class=\"wp-image-6958\" src=\"https:\/\/tvtecjundiai.com.br\/news\/wp-content\/uploads\/sites\/2\/2018\/03\/silvestre-uber-300x225.jpeg\" alt=\"\" width=\"395\" height=\"296\" srcset=\"https:\/\/tvtecjundiai.com.br\/news\/wp-content\/uploads\/sites\/2\/2018\/03\/silvestre-uber-300x225.jpeg 300w, https:\/\/tvtecjundiai.com.br\/news\/wp-content\/uploads\/sites\/2\/2018\/03\/silvestre-uber-768x576.jpeg 768w, https:\/\/tvtecjundiai.com.br\/news\/wp-content\/uploads\/sites\/2\/2018\/03\/silvestre-uber.jpeg 1152w\" sizes=\"auto, (max-width: 395px) 100vw, 395px\" \/><\/a><p id=\"caption-attachment-6958\" class=\"wp-caption-text\">Al\u00e9m do gestor, a Diretora do Departamento de Transportes P\u00fablicos, Ana Paula Almeida, compareceu \u00e0 reuni\u00e3o<\/p><\/div>\n<p>A Unidade de Gest\u00e3o de Mobilidade e Transporte (UGMT) apresentou, na \u00faltima ter\u00e7a-feira (28), \u00e0 Associa\u00e7\u00e3o dos Motoristas de Aplicativos de Jundia\u00ed e Regi\u00e3o (Amajur) a revis\u00e3o do decreto\u00a027.282 \/ 2018 que regulamenta o transporte realizado atrav\u00e9s de aplicativos.<\/p>\n<p>O gestor, Silvestre Eduardo Rocha Ribeiro, explanou primeiramente as mudan\u00e7as aplicadas \u00e0 legisla\u00e7\u00e3o.\u00a0\u201cTodas as reivindica\u00e7\u00f5es que recebemos foram avaliadas e chegamos \u00e0 amplia\u00e7\u00e3o de cinco para oito anos para a idade do ve\u00edculo permitido e com progress\u00e3o gradual para cinco anos, sem restri\u00e7\u00e3o de quantidade de condutores. A administra\u00e7\u00e3o ressalta a import\u00e2ncia da inspe\u00e7\u00e3o veicular e o treinamento com a operadora, que \u00e9 a forma de garantir a qualidade do servi\u00e7o\u201d, detalha.<\/p>\n<p>Segundo ele, a regulamenta\u00e7\u00e3o \u00e9 importante em raz\u00e3o da possibilidade de fiscaliza\u00e7\u00e3o, garantindo a seguran\u00e7a aos usu\u00e1rios desse meio de transporte.\u00a0O Cadastro Fiscal Mobili\u00e1rio regulamenta a atividade de motoristas, sendo que, atualmente h\u00e1 499 registros, para taxistas e permission\u00e1rios conforme o C\u00f3digo Tribut\u00e1rio Municipal, no valor de R$184,76.<\/p>\n<p>Representante\u00a0da Amajur, Djan Schettino da Fonseca, ressalta sobre a import\u00e2ncia da fiscaliza\u00e7\u00e3o. &#8220;Existem regras que precisam ser seguidas. A fiscaliza\u00e7\u00e3o por parte da prefeitura inibir\u00e1 a atua\u00e7\u00e3o dos amadores\u201d. A partir do cadastro realizado, h\u00e1 a incid\u00eancia do Imposto sobre Servi\u00e7o de Qualquer Natureza (ISSQN). Vale destacar que a legisla\u00e7\u00e3o tribut\u00e1ria \u00e9 vigente desde 2008.<\/p>\n<p><em>(Fonte: Prefeitura de Jundia\u00ed)<\/em><\/p>\n","protected":false},"excerpt":{"rendered":"<p>O gestor e a diretora da Unidade receberam a comiss\u00e3o para esclarecer os detalhes do documento<\/p>\n","protected":false},"author":11,"featured_media":6958,"comment_status":"closed","ping_status":"closed","sticky":false,"template":"","format":"standard","meta":{"footnotes":""},"categories":[1],"tags":[352,2378,2377,136,2376,1234,328,788],"class_list":["post-6957","post","type-post","status-publish","format-standard","has-post-thumbnail","hentry","category-noticias","tag-aplicativo","tag-cadastro-fiscal-mobiliario","tag-decreto","tag-rede-tvtec","tag-regulamentacao","tag-seguranca","tag-transporte","tag-ugmt"],"_links":{"self":[{"href":"https:\/\/tvtecjundiai.com.br\/news\/wp-json\/wp\/v2\/posts\/6957","targetHints":{"allow":["GET"]}}],"collection":[{"href":"https:\/\/tvtecjundiai.com.br\/news\/wp-json\/wp\/v2\/posts"}],"about":[{"href":"https:\/\/tvtecjundiai.com.br\/news\/wp-json\/wp\/v2\/types\/post"}],"author":[{"embeddable":true,"href":"https:\/\/tvtecjundiai.com.br\/news\/wp-json\/wp\/v2\/users\/11"}],"replies":[{"embeddable":true,"href":"https:\/\/tvtecjundiai.com.br\/news\/wp-json\/wp\/v2\/comments?post=6957"}],"version-history":[{"count":4,"href":"https:\/\/tvtecjundiai.com.br\/news\/wp-json\/wp\/v2\/posts\/6957\/revisions"}],"predecessor-version":[{"id":6983,"href":"https:\/\/tvtecjundiai.com.br\/news\/wp-json\/wp\/v2\/posts\/6957\/revisions\/6983"}],"wp:featuredmedia":[{"embeddable":true,"href":"https:\/\/tvtecjundiai.com.br\/news\/wp-json\/wp\/v2\/media\/6958"}],"wp:attachment":[{"href":"https:\/\/tvtecjundiai.com.br\/news\/wp-json\/wp\/v2\/media?parent=6957"}],"wp:term":[{"taxonomy":"category","embeddable":true,"href":"https:\/\/tvtecjundiai.com.br\/news\/wp-json\/wp\/v2\/categories?post=6957"},{"taxonomy":"post_tag","embeddable":true,"href":"https:\/\/tvtecjundiai.com.br\/news\/wp-json\/wp\/v2\/tags?post=6957"}],"curies":[{"name":"wp","href":"https:\/\/api.w.org\/{rel}","templated":true}]}}