{"id":69627,"date":"2020-12-29T13:13:42","date_gmt":"2020-12-29T16:13:42","guid":{"rendered":"https:\/\/tvtecjundiai.com.br\/news\/?p=69627"},"modified":"2020-12-29T13:13:42","modified_gmt":"2020-12-29T16:13:42","slug":"vendas-no-natal-2020-tem-aumento-de-35-segundo-sincomercio-e-cdl-jundiai","status":"publish","type":"post","link":"https:\/\/tvtecjundiai.com.br\/news\/2020\/12\/29\/vendas-no-natal-2020-tem-aumento-de-35-segundo-sincomercio-e-cdl-jundiai\/","title":{"rendered":"Vendas no Natal 2020 t\u00eam aumento de 3,5%, segundo Sincomercio e CDL Jundia\u00ed"},"content":{"rendered":"\n<p>As vendas no Natal de 2020 tiveram aumento de 3,5%, em compara\u00e7\u00e3o com o mesmo per\u00edodo em 2019, segundo pesquisa realizada pelo Sindicato do Com\u00e9rcio Varejista de Jundia\u00ed e Regi\u00e3o (Sincomercio) e pela C\u00e2mara de Dirigentes Lojistas de Jundia\u00ed\u00a0 (CDL).<\/p>\n\n\n\n<p>O resultado do levantamento, feito em todos os segmentos assistidos pelas entidades, vai de encontro com a proje\u00e7\u00e3o estimada de crescimento das vendas em at\u00e9 4%. A pesquisa tamb\u00e9m revelou que o valor do t\u00edquete m\u00e9dio dos presentes foi de R$ 120. Para boa parte dos comerciantes ouvidos, a ado\u00e7\u00e3o do hor\u00e1rio estendido em dezembro foi positiva para auxiliar nas vendas.<\/p>\n\n\n\n<div class=\"wp-block-image\"><figure class=\"alignright size-medium is-resized\"><a href=\"https:\/\/tvtecjundiai.com.br\/news\/wp-content\/uploads\/sites\/2\/2020\/12\/movimentacao-de-pessoas-no-calcadao-do-centro_c_-34.jpg\"><img loading=\"lazy\" decoding=\"async\" src=\"https:\/\/tvtecjundiai.com.br\/news\/wp-content\/uploads\/sites\/2\/2020\/12\/movimentacao-de-pessoas-no-calcadao-do-centro_c_-34-300x200.jpg\" alt=\"\" class=\"wp-image-69628\" width=\"480\" height=\"320\" srcset=\"https:\/\/tvtecjundiai.com.br\/news\/wp-content\/uploads\/sites\/2\/2020\/12\/movimentacao-de-pessoas-no-calcadao-do-centro_c_-34-300x200.jpg 300w, https:\/\/tvtecjundiai.com.br\/news\/wp-content\/uploads\/sites\/2\/2020\/12\/movimentacao-de-pessoas-no-calcadao-do-centro_c_-34-1200x801.jpg 1200w, https:\/\/tvtecjundiai.com.br\/news\/wp-content\/uploads\/sites\/2\/2020\/12\/movimentacao-de-pessoas-no-calcadao-do-centro_c_-34-768x512.jpg 768w, https:\/\/tvtecjundiai.com.br\/news\/wp-content\/uploads\/sites\/2\/2020\/12\/movimentacao-de-pessoas-no-calcadao-do-centro_c_-34.jpg 1280w\" sizes=\"auto, (max-width: 480px) 100vw, 480px\" \/><\/a><figcaption>At\u00e9 quinta-feira (31), o com\u00e9rcio de rua funcionar\u00e1 e shoppings centers funcionar\u00e3o no hor\u00e1rio normal, seguindo os protocolos de seguran\u00e7a adotados<\/figcaption><\/figure><\/div>\n\n\n\n<p>Na opini\u00e3o de Edison Maltoni, presidente do Sincomercio e da CDL Jundia\u00ed, o ano de 2020 tem sido um dos mais dif\u00edceis, sen\u00e3o o mais desafiante, para o varejo brasileiro. \u201cJundia\u00ed \u00e9 uma cidade com caracter\u00edsticas peculiares, especialmente durante crises, j\u00e1 que consegue reverter cen\u00e1rios complicados por sua diversidade econ\u00f4mica. A pandemia provocou grandes dificuldades para o com\u00e9rcio, mas o Natal, apesar de toda a conjuntura adversa, traz alguma recupera\u00e7\u00e3o para o setor, o que ser\u00e1 importante para iniciarmos com algum otimismo um novo ano\u201d, analisa Edison Maltoni, presidente do Sincomercio e da CDL Jundia\u00ed.<\/p>\n\n\n\n<p>At\u00e9 quinta-feira (31), o com\u00e9rcio de rua funcionar\u00e1 e shoppings centers funcionar\u00e3o no hor\u00e1rio normal, seguindo os protocolos de seguran\u00e7a adotados. J\u00e1 entre os entre os\u00a0dias 1\u00ba e 3 de janeiro de 2021, todas as regi\u00f5es do Estado de S\u00e3o Paulo retornar\u00e3o para a Fase Vermelha do Plano S\u00e3o Paulo de Retomada Econ\u00f4mica que permite o funcionamento de segmentos considerados essenciais.<\/p>\n\n\n\n<p>Com isso, os demais estabelecimentos comerciais estar\u00e3o impedidos de atender presencialmente durante estes dias. S\u00f3 ser\u00e3o permitidas as atividades elencadas no\u00a0\u00a0decreto 29.597, publicado dia (23\/12) pela prefeitura de Jundia\u00ed e dispon\u00edvel\u00a0na \u00edntegra no <a rel=\"noreferrer noopener\" href=\"https:\/\/jundiai.sp.gov.br\/noticias\/2020\/12\/23\/decreto-orienta-sobre-a-fase-vermelha-em-jundiai\/\" target=\"_blank\">link<\/a>.<\/p>\n\n\n\n<p>O decreto municipal autoriza o funcionamento de estabelecimentos aliment\u00edcios, sem preparo de produtos e alimentos para consumo no local, podendo comercializar somente atrav\u00e9s de aplicativos ou por telefone, para entregas em domic\u00edlio (delivery).<\/p>\n\n\n\n<p>Tamb\u00e9m podem funcionar as \u00f3ticas, lojas de material de constru\u00e7\u00e3o, postos de combust\u00edveis, prestadores de servi\u00e7os como lavanderias, oficinas mec\u00e2nicas, assist\u00eancias t\u00e9cnicas, servi\u00e7os m\u00e9dicos de diagn\u00f3sticos, odontol\u00f3gicos, veterin\u00e1rios e outros considerados de primeira necessidade para a popula\u00e7\u00e3o, hot\u00e9is; bancas de jornais e revistas; com\u00e9rcio e servi\u00e7os de limpeza residencial, comercial ou industrial; presta\u00e7\u00e3o de servi\u00e7os de tecnologia da informa\u00e7\u00e3o e de eletroeletr\u00f4nicos; presta\u00e7\u00e3o de servi\u00e7os de seguran\u00e7a privada, entre outros.\u00a0<\/p>\n\n\n\n<p>A pr\u00f3xima reclassifica\u00e7\u00e3o do plano ser\u00e1 feita no dia 7 de janeiro de 2021, contudo, o Governo de S\u00e3o Paulo j\u00e1 anunciou que nenhuma das regi\u00f5es do Estado voltar\u00e1 \u00e0 fase verde em janeiro.<\/p>\n\n\n\n<p><strong>Expectativa Nacional<\/strong><\/p>\n\n\n\n<p>O Natal \u00e9 a principal data comemorativa do varejo brasileiro, devendo movimentar R$ 38,1 bilh\u00f5es neste ano, conforme a Confedera\u00e7\u00e3o Nacional do Com\u00e9rcio de Bens, Servi\u00e7os e Turismo (CNC) que projeta crescimento real de 3,4% das vendas. Uma vez confirmada essa proje\u00e7\u00e3o, o setor experimentar\u00e1 o maior avan\u00e7o real das vendas natalinas desde 2017 (3,9%).<\/p>\n\n\n\n<p><em>(Fonte\/Imagem: Assessoria de Imprensa Sincomercio)<\/em><\/p>\n","protected":false},"excerpt":{"rendered":"<p>Pesquisa revelou que valor do t\u00edquete m\u00e9dio dos presentes foi de R$ 120<\/p>\n","protected":false},"author":17,"featured_media":69628,"comment_status":"closed","ping_status":"closed","sticky":false,"template":"","format":"standard","meta":{"footnotes":""},"categories":[2829,1],"tags":[6571,588,3311],"class_list":["post-69627","post","type-post","status-publish","format-standard","has-post-thumbnail","hentry","category-economia","category-noticias","tag-cdl-jundiai","tag-comercio","tag-sincomercio"],"_links":{"self":[{"href":"https:\/\/tvtecjundiai.com.br\/news\/wp-json\/wp\/v2\/posts\/69627","targetHints":{"allow":["GET"]}}],"collection":[{"href":"https:\/\/tvtecjundiai.com.br\/news\/wp-json\/wp\/v2\/posts"}],"about":[{"href":"https:\/\/tvtecjundiai.com.br\/news\/wp-json\/wp\/v2\/types\/post"}],"author":[{"embeddable":true,"href":"https:\/\/tvtecjundiai.com.br\/news\/wp-json\/wp\/v2\/users\/17"}],"replies":[{"embeddable":true,"href":"https:\/\/tvtecjundiai.com.br\/news\/wp-json\/wp\/v2\/comments?post=69627"}],"version-history":[{"count":1,"href":"https:\/\/tvtecjundiai.com.br\/news\/wp-json\/wp\/v2\/posts\/69627\/revisions"}],"predecessor-version":[{"id":69629,"href":"https:\/\/tvtecjundiai.com.br\/news\/wp-json\/wp\/v2\/posts\/69627\/revisions\/69629"}],"wp:featuredmedia":[{"embeddable":true,"href":"https:\/\/tvtecjundiai.com.br\/news\/wp-json\/wp\/v2\/media\/69628"}],"wp:attachment":[{"href":"https:\/\/tvtecjundiai.com.br\/news\/wp-json\/wp\/v2\/media?parent=69627"}],"wp:term":[{"taxonomy":"category","embeddable":true,"href":"https:\/\/tvtecjundiai.com.br\/news\/wp-json\/wp\/v2\/categories?post=69627"},{"taxonomy":"post_tag","embeddable":true,"href":"https:\/\/tvtecjundiai.com.br\/news\/wp-json\/wp\/v2\/tags?post=69627"}],"curies":[{"name":"wp","href":"https:\/\/api.w.org\/{rel}","templated":true}]}}