{"id":69828,"date":"2020-12-30T15:43:05","date_gmt":"2020-12-30T18:43:05","guid":{"rendered":"https:\/\/tvtecjundiai.com.br\/news\/?p=69828"},"modified":"2020-12-30T15:43:05","modified_gmt":"2020-12-30T18:43:05","slug":"anvisa-diz-que-fiocruz-pedira-uso-emergencial-da-vacina-de-oxford","status":"publish","type":"post","link":"https:\/\/tvtecjundiai.com.br\/news\/2020\/12\/30\/anvisa-diz-que-fiocruz-pedira-uso-emergencial-da-vacina-de-oxford\/","title":{"rendered":"Anvisa diz que Fiocruz pedir\u00e1 uso emergencial da vacina de Oxford"},"content":{"rendered":"\n<p>A Anvisa (Ag\u00eancia Nacional de Vigil\u00e2ncia Sanit\u00e1ria) informou hoje que a Fiocruz (Funda\u00e7\u00e3o Oswaldo Cruz), laborat\u00f3rio brasileiro parceiro da AstraZeneca &#8211; respons\u00e1vel pela vacina de Oxford -, ir\u00e1 pedir autoriza\u00e7\u00e3o para o uso emergencial do imunizante contra a Covid-19 no Brasil, mas n\u00e3o disse quando isso acontecer\u00e1. <\/p>\n\n\n\n<div class=\"wp-block-image\"><figure class=\"alignright size-medium is-resized\"><a href=\"https:\/\/tvtecjundiai.com.br\/news\/wp-content\/uploads\/sites\/2\/2020\/12\/entenda-como-funciona-o-processo-de-uma-vacina-covid.jpg\"><img loading=\"lazy\" decoding=\"async\" src=\"https:\/\/tvtecjundiai.com.br\/news\/wp-content\/uploads\/sites\/2\/2020\/12\/entenda-como-funciona-o-processo-de-uma-vacina-covid-300x200.jpg\" alt=\"\" class=\"wp-image-69829\" width=\"480\" height=\"320\" srcset=\"https:\/\/tvtecjundiai.com.br\/news\/wp-content\/uploads\/sites\/2\/2020\/12\/entenda-como-funciona-o-processo-de-uma-vacina-covid-300x200.jpg 300w, https:\/\/tvtecjundiai.com.br\/news\/wp-content\/uploads\/sites\/2\/2020\/12\/entenda-como-funciona-o-processo-de-uma-vacina-covid-768x512.jpg 768w, https:\/\/tvtecjundiai.com.br\/news\/wp-content\/uploads\/sites\/2\/2020\/12\/entenda-como-funciona-o-processo-de-uma-vacina-covid.jpg 910w\" sizes=\"auto, (max-width: 480px) 100vw, 480px\" \/><\/a><figcaption>Fiocruz entrar\u00e1 com pedido do uso emergencial da vacina de Oxford contra a Covid-19 no Brasil<\/figcaption><\/figure><\/div>\n\n\n\n<p>At\u00e9 agora, a Funda\u00e7\u00e3o havia informado apenas que pediria o registro definitivo &#8211; hoje, a presidente da Fiocruz, N\u00edsia Trindade, disse que esse pedido ser\u00e1 feito at\u00e9 o pr\u00f3ximo dia 15 de janeiro. A data j\u00e1 havia sido antecipada \u00e0 Folha de S\u00e3o Paulo pelo vice-presidente da funda\u00e7\u00e3o, Marco Krieger.<\/p>\n\n\n\n<p>Uma reuni\u00e3o entre a alta gest\u00e3o da ag\u00eancia e representantes da AstraZeneca aconteceu hoje e, segundo a Anvisa, o laborat\u00f3rio declarou que n\u00e3o h\u00e1 dificuldades regulat\u00f3rias para atender as medidas impostas pela ag\u00eancia para o uso do imunizante no pa\u00eds.<\/p>\n\n\n\n<p>Segundo a Anvisa, o prazo para a an\u00e1lise do uso emergencial da vacina \u00e9 de dez dias contados a partir do dia do pedido formalizado junto \u00e0 ag\u00eancia. Para as autoriza\u00e7\u00f5es de registro definitivo, a avalia\u00e7\u00e3o pode levar at\u00e9 60 dias. <\/p>\n\n\n\n<p>&#8220;Este per\u00edodo [de 10 dias de an\u00e1lise] pode ser menor, a depender da quantidade de pacotes de informa\u00e7\u00e3o j\u00e1 entregues pelo laborat\u00f3rio para a Anvisa dentro do processo de Submiss\u00e3o Continua&#8221;, disse a ag\u00eancia. O Reino Unido se tornou hoje o primeiro pa\u00eds a autorizar o uso emergencial da vacina de Oxford. Em nota, a AstraZeneca informou que seguir\u00e1 o processo de submiss\u00e3o cont\u00ednua para pedir o registro tamb\u00e9m no Brasil.<\/p>\n\n\n\n<p><em>(Fonte: UOL \/ Imagem: JDV)<\/em><\/p>\n","protected":false},"excerpt":{"rendered":"<p>Pedido ser\u00e1 feito at\u00e9 o pr\u00f3ximo dia 15 de janeiro<\/p>\n","protected":false},"author":17,"featured_media":69829,"comment_status":"closed","ping_status":"closed","sticky":false,"template":"","format":"standard","meta":{"footnotes":""},"categories":[3060,1,2839],"tags":[1903,6242,2897,3238,104],"class_list":["post-69828","post","type-post","status-publish","format-standard","has-post-thumbnail","hentry","category-geral","category-noticias","category-saude","tag-brasil","tag-coronavirus","tag-fiocruz","tag-oxford","tag-vacina"],"_links":{"self":[{"href":"https:\/\/tvtecjundiai.com.br\/news\/wp-json\/wp\/v2\/posts\/69828","targetHints":{"allow":["GET"]}}],"collection":[{"href":"https:\/\/tvtecjundiai.com.br\/news\/wp-json\/wp\/v2\/posts"}],"about":[{"href":"https:\/\/tvtecjundiai.com.br\/news\/wp-json\/wp\/v2\/types\/post"}],"author":[{"embeddable":true,"href":"https:\/\/tvtecjundiai.com.br\/news\/wp-json\/wp\/v2\/users\/17"}],"replies":[{"embeddable":true,"href":"https:\/\/tvtecjundiai.com.br\/news\/wp-json\/wp\/v2\/comments?post=69828"}],"version-history":[{"count":1,"href":"https:\/\/tvtecjundiai.com.br\/news\/wp-json\/wp\/v2\/posts\/69828\/revisions"}],"predecessor-version":[{"id":69831,"href":"https:\/\/tvtecjundiai.com.br\/news\/wp-json\/wp\/v2\/posts\/69828\/revisions\/69831"}],"wp:featuredmedia":[{"embeddable":true,"href":"https:\/\/tvtecjundiai.com.br\/news\/wp-json\/wp\/v2\/media\/69829"}],"wp:attachment":[{"href":"https:\/\/tvtecjundiai.com.br\/news\/wp-json\/wp\/v2\/media?parent=69828"}],"wp:term":[{"taxonomy":"category","embeddable":true,"href":"https:\/\/tvtecjundiai.com.br\/news\/wp-json\/wp\/v2\/categories?post=69828"},{"taxonomy":"post_tag","embeddable":true,"href":"https:\/\/tvtecjundiai.com.br\/news\/wp-json\/wp\/v2\/tags?post=69828"}],"curies":[{"name":"wp","href":"https:\/\/api.w.org\/{rel}","templated":true}]}}