{"id":69915,"date":"2021-01-04T12:08:53","date_gmt":"2021-01-04T15:08:53","guid":{"rendered":"https:\/\/tvtecjundiai.com.br\/news\/?p=69915"},"modified":"2021-01-04T12:11:39","modified_gmt":"2021-01-04T15:11:39","slug":"pa-exclusivo-covid-19-inicia-atendimento-em-emeb-pedro-de-oliveira","status":"publish","type":"post","link":"https:\/\/tvtecjundiai.com.br\/news\/2021\/01\/04\/pa-exclusivo-covid-19-inicia-atendimento-em-emeb-pedro-de-oliveira\/","title":{"rendered":"PA Exclusivo COVID-19 inicia atendimento em EMEB Pedro de Oliveira"},"content":{"rendered":"\n<p>Acompanhando o cen\u00e1rio da pandemia do Novo Coronav\u00edrus e agindo de forma antecipada, o Comit\u00ea de Enfrentamento ao Coronav\u00edrus (CEC) da Prefeitura de Jundia\u00ed, inicia, nesta segunda-feira (4), o funcionamento de mais um servi\u00e7o exclusivo para o atendimento aos casos suspeitos de COVID-19 na cidade. O servi\u00e7o de Pronto Atendimento (PA) Exclusivo COVID-19 foi montado no pr\u00e9dio da Escola Municipal de Educa\u00e7\u00e3o B\u00e1sica (EMEB) Pedro de Oliveira. Com o equipamento, a cidade passa a contar com um espa\u00e7o dedicado ao atendimento aos casos suspeitos de COVID-19 em cada regi\u00e3o da cidade.<\/p>\n\n\n\n<div class=\"wp-block-image is-style-default\"><figure class=\"alignright size-large is-resized\"><a href=\"https:\/\/tvtecjundiai.com.br\/news\/wp-content\/uploads\/sites\/2\/2021\/01\/posto-da-atendimento-sentinela-ponte-sao-joao_c_-20.jpg\"><img loading=\"lazy\" decoding=\"async\" src=\"https:\/\/tvtecjundiai.com.br\/news\/wp-content\/uploads\/sites\/2\/2021\/01\/posto-da-atendimento-sentinela-ponte-sao-joao_c_-20-1200x800.jpg\" alt=\"\" class=\"wp-image-69916\" width=\"378\" height=\"252\" srcset=\"https:\/\/tvtecjundiai.com.br\/news\/wp-content\/uploads\/sites\/2\/2021\/01\/posto-da-atendimento-sentinela-ponte-sao-joao_c_-20-1200x800.jpg 1200w, https:\/\/tvtecjundiai.com.br\/news\/wp-content\/uploads\/sites\/2\/2021\/01\/posto-da-atendimento-sentinela-ponte-sao-joao_c_-20-300x200.jpg 300w, https:\/\/tvtecjundiai.com.br\/news\/wp-content\/uploads\/sites\/2\/2021\/01\/posto-da-atendimento-sentinela-ponte-sao-joao_c_-20-768x512.jpg 768w, https:\/\/tvtecjundiai.com.br\/news\/wp-content\/uploads\/sites\/2\/2021\/01\/posto-da-atendimento-sentinela-ponte-sao-joao_c_-20.jpg 1280w\" sizes=\"auto, (max-width: 378px) 100vw, 378px\" \/><\/a><figcaption>Em todos os servi\u00e7os s\u00e3o realizados testes, conforme a orienta\u00e7\u00e3o m\u00e9dica<\/figcaption><\/figure><\/div>\n\n\n\n<p>Ao longo do ano passado, entre mar\u00e7o e dezembro, Jundia\u00ed registrou mais de 60 mil atendimentos a pessoas com sintomas respirat\u00f3rios como coriza, febre, dificuldade para respirar, tosse, dor de cabe\u00e7a e dor de garganta. No mesmo per\u00edodo, o n\u00famero de interna\u00e7\u00f5es positivas para COVID-19 somente no Hospital S\u00e3o Vicente (refer\u00eancia para o atendimento p\u00fablico \u00e0 patologia na cidade) foi de 10,4 mil pessoas, al\u00e9m de 31 mil suspeitos.<\/p>\n\n\n\n<p>\u201cOs n\u00fameros da pandemia ao longo do ano de 2020 foram expressivos, e o mais importante \u00e9 que todos os que buscaram pelo atendimento, encontraram recursos na cidade, exatamente pela forma preventiva que Jundia\u00ed tem atuado. Em 2021 n\u00e3o ser\u00e1 diferente\u201d, comenta o prefeito Luiz Fernando Machado.<\/p>\n\n\n\n<p>Para o gestor da Unidade de Gest\u00e3o de Promo\u00e7\u00e3o da Sa\u00fade (UGPS), Tiago Texera, o novo espa\u00e7o garante maior conforto e agilidade no atendimento \u00e0 popula\u00e7\u00e3o. \u201cEspa\u00e7os espec\u00edficos para o atendimento aos casos com s\u00edndrome gripal \u00e9 essencial para manter a celeridade necess\u00e1ria para identifica\u00e7\u00e3o, testes, orienta\u00e7\u00e3o ao isolamento e monitoramento necess\u00e1rio aos casos\u201d, comenta o gestor, destacando que a rede completa espec\u00edfica para COVID-19 \u00e9 formada pela Unidade Pronto Atendimento (UPA) Novo Horizonte, Nova UBS\/Unidade Sentinela Jardim do Lago e PA Exclusivo COVID-19 Vila Hortol\u00e2ndia (montado no pr\u00e9dio ao lado do Terminal Vila Hortol\u00e2ndia).<\/p>\n\n\n\n<p>Em todos os servi\u00e7os s\u00e3o realizados testes, conforme a orienta\u00e7\u00e3o m\u00e9dica, para a identifica\u00e7\u00e3o do v\u00edrus Sars-CoV-2, causador da COVID-19. Para saber hor\u00e1rios e endere\u00e7os do servi\u00e7o mais pr\u00f3ximo da resid\u00eancia, basta acessar a p\u00e1gina da Prefeitura de Jundia\u00ed, na p\u00e1gina Coronav\u00edrus.<\/p>\n\n\n\n<p>(<em>Fonte\/Foto: Assessoria de Imprensa da PMJ)<\/em><\/p>\n","protected":false},"excerpt":{"rendered":"<p>Em todos os servi\u00e7os s\u00e3o realizados testes, conforme a orienta\u00e7\u00e3o m\u00e9dica<\/p>\n","protected":false},"author":23,"featured_media":69916,"comment_status":"closed","ping_status":"closed","sticky":false,"template":"","format":"standard","meta":{"footnotes":""},"categories":[1,2839],"tags":[6877,8253,5,6511,6],"class_list":["post-69915","post","type-post","status-publish","format-standard","has-post-thumbnail","hentry","category-noticias","category-saude","tag-covid","tag-covid-19-2","tag-jundiai","tag-pandemia","tag-saude"],"_links":{"self":[{"href":"https:\/\/tvtecjundiai.com.br\/news\/wp-json\/wp\/v2\/posts\/69915","targetHints":{"allow":["GET"]}}],"collection":[{"href":"https:\/\/tvtecjundiai.com.br\/news\/wp-json\/wp\/v2\/posts"}],"about":[{"href":"https:\/\/tvtecjundiai.com.br\/news\/wp-json\/wp\/v2\/types\/post"}],"author":[{"embeddable":true,"href":"https:\/\/tvtecjundiai.com.br\/news\/wp-json\/wp\/v2\/users\/23"}],"replies":[{"embeddable":true,"href":"https:\/\/tvtecjundiai.com.br\/news\/wp-json\/wp\/v2\/comments?post=69915"}],"version-history":[{"count":3,"href":"https:\/\/tvtecjundiai.com.br\/news\/wp-json\/wp\/v2\/posts\/69915\/revisions"}],"predecessor-version":[{"id":69937,"href":"https:\/\/tvtecjundiai.com.br\/news\/wp-json\/wp\/v2\/posts\/69915\/revisions\/69937"}],"wp:featuredmedia":[{"embeddable":true,"href":"https:\/\/tvtecjundiai.com.br\/news\/wp-json\/wp\/v2\/media\/69916"}],"wp:attachment":[{"href":"https:\/\/tvtecjundiai.com.br\/news\/wp-json\/wp\/v2\/media?parent=69915"}],"wp:term":[{"taxonomy":"category","embeddable":true,"href":"https:\/\/tvtecjundiai.com.br\/news\/wp-json\/wp\/v2\/categories?post=69915"},{"taxonomy":"post_tag","embeddable":true,"href":"https:\/\/tvtecjundiai.com.br\/news\/wp-json\/wp\/v2\/tags?post=69915"}],"curies":[{"name":"wp","href":"https:\/\/api.w.org\/{rel}","templated":true}]}}