{"id":69917,"date":"2021-01-04T11:58:49","date_gmt":"2021-01-04T14:58:49","guid":{"rendered":"https:\/\/tvtecjundiai.com.br\/news\/?p=69917"},"modified":"2021-01-04T11:58:49","modified_gmt":"2021-01-04T14:58:49","slug":"nascidos-em-marco-podem-sacar-auxilio-referente-a-ciclos-5-e-6","status":"publish","type":"post","link":"https:\/\/tvtecjundiai.com.br\/news\/2021\/01\/04\/nascidos-em-marco-podem-sacar-auxilio-referente-a-ciclos-5-e-6\/","title":{"rendered":"Nascidos em mar\u00e7o podem sacar aux\u00edlio referente a ciclos 5 e 6"},"content":{"rendered":"\n<p>Cerca de 3,6 milh\u00f5es de benefici\u00e1rios do aux\u00edlio emergencial e do aux\u00edlio emergencial extens\u00e3o nascidos em mar\u00e7o podem, a partir de\u00a0hoje\u00a0(4), sacar ou transferir os recursos da Poupan\u00e7a Social Digital. De acordo com a Caixa Econ\u00f4mica Federal, R$ 2,4 bilh\u00f5es foram creditados para esses benefici\u00e1rios\u00a0nos ciclos 5 e 6 de pagamentos do aux\u00edlio emergencial, sendo R$ 2,2 bilh\u00f5es referentes \u00e0s parcelas do aux\u00edlio emergencial extens\u00e3o\u00a0e R$ 200 milh\u00f5es referentes \u00e0s parcelas do aux\u00edlio emergencial.<img decoding=\"async\" src=\"https:\/\/agenciabrasil.ebc.com.br\/ebc.png?id=1397860&amp;o=node\"><img decoding=\"async\" src=\"https:\/\/agenciabrasil.ebc.com.br\/ebc.gif?id=1397860&amp;o=node\"> <\/p>\n\n\n\n<div class=\"wp-block-image is-style-default\"><figure class=\"alignright size-large is-resized\"><a href=\"https:\/\/tvtecjundiai.com.br\/news\/wp-content\/uploads\/sites\/2\/2021\/01\/05_08_2020_fila_agencia_caixa.jpg\"><img loading=\"lazy\" decoding=\"async\" src=\"https:\/\/tvtecjundiai.com.br\/news\/wp-content\/uploads\/sites\/2\/2021\/01\/05_08_2020_fila_agencia_caixa.jpg\" alt=\"\" class=\"wp-image-69918\" width=\"354\" height=\"212\" srcset=\"https:\/\/tvtecjundiai.com.br\/news\/wp-content\/uploads\/sites\/2\/2021\/01\/05_08_2020_fila_agencia_caixa.jpg 1170w, https:\/\/tvtecjundiai.com.br\/news\/wp-content\/uploads\/sites\/2\/2021\/01\/05_08_2020_fila_agencia_caixa-300x179.jpg 300w, https:\/\/tvtecjundiai.com.br\/news\/wp-content\/uploads\/sites\/2\/2021\/01\/05_08_2020_fila_agencia_caixa-768x459.jpg 768w\" sizes=\"auto, (max-width: 354px) 100vw, 354px\" \/><\/a><figcaption>Saque do aux\u00edlio emergencial pode ser feito por 3,6 milh\u00f5es de benefici\u00e1rios<\/figcaption><\/figure><\/div>\n\n\n\n<p>O aux\u00edlio emergencial extens\u00e3o ser\u00e1 pago em at\u00e9 quatro parcelas de R$ 300 cada e, no caso das m\u00e3es chefes de fam\u00edlia monoparental, o valor \u00e9 de R$ 600.\u00a0 Para fazer o saque em esp\u00e9cie, \u00e9 preciso fazer o\u00a0<em>login<\/em>\u00a0no App CAIXA Tem, selecionar a op\u00e7\u00e3o saque sem cart\u00e3o e gerar c\u00f3digo de saque, com validade de uma hora, que deve ser utilizado nos caixas eletr\u00f4nicos da Caixa, nas unidades lot\u00e9ricas ou nos correspondentes CAIXA Aqui. <\/p>\n\n\n\n<p>O banco acrescenta que mant\u00e9m, aos benefici\u00e1rios, a op\u00e7\u00e3o de utiliza\u00e7\u00e3o dos recursos creditados na Poupan\u00e7a Social Digital para a realiza\u00e7\u00e3o de compras, por meio do cart\u00e3o de d\u00e9bito virtual e QR Code, pagamento de boletos, contas de \u00e1gua, luz, telefone, entre outros servi\u00e7os. No aplicativo CAIXA Tem\u00a0est\u00e1 tamb\u00e9m dispon\u00edvel a funcionalidade para pagamentos sem cart\u00e3o nas cerca de 13 mil unidades lot\u00e9ricas do banco.<\/p>\n\n\n\n<p><em>(Fonte\/Foto: Ag\u00eancia Brasil)<\/em><\/p>\n","protected":false},"excerpt":{"rendered":"<p>Saque do aux\u00edlio emergencial pode ser feito por 3,6 milh\u00f5es de benefici\u00e1rios<\/p>\n","protected":false},"author":14,"featured_media":69918,"comment_status":"closed","ping_status":"closed","sticky":false,"template":"","format":"standard","meta":{"footnotes":""},"categories":[29,2829,1],"tags":[6498,322,7331],"class_list":["post-69917","post","type-post","status-publish","format-standard","has-post-thumbnail","hentry","category-destaque","category-economia","category-noticias","tag-auxilio-emergencial","tag-caixa-economica-federal","tag-caixa-tem"],"_links":{"self":[{"href":"https:\/\/tvtecjundiai.com.br\/news\/wp-json\/wp\/v2\/posts\/69917","targetHints":{"allow":["GET"]}}],"collection":[{"href":"https:\/\/tvtecjundiai.com.br\/news\/wp-json\/wp\/v2\/posts"}],"about":[{"href":"https:\/\/tvtecjundiai.com.br\/news\/wp-json\/wp\/v2\/types\/post"}],"author":[{"embeddable":true,"href":"https:\/\/tvtecjundiai.com.br\/news\/wp-json\/wp\/v2\/users\/14"}],"replies":[{"embeddable":true,"href":"https:\/\/tvtecjundiai.com.br\/news\/wp-json\/wp\/v2\/comments?post=69917"}],"version-history":[{"count":9,"href":"https:\/\/tvtecjundiai.com.br\/news\/wp-json\/wp\/v2\/posts\/69917\/revisions"}],"predecessor-version":[{"id":69929,"href":"https:\/\/tvtecjundiai.com.br\/news\/wp-json\/wp\/v2\/posts\/69917\/revisions\/69929"}],"wp:featuredmedia":[{"embeddable":true,"href":"https:\/\/tvtecjundiai.com.br\/news\/wp-json\/wp\/v2\/media\/69918"}],"wp:attachment":[{"href":"https:\/\/tvtecjundiai.com.br\/news\/wp-json\/wp\/v2\/media?parent=69917"}],"wp:term":[{"taxonomy":"category","embeddable":true,"href":"https:\/\/tvtecjundiai.com.br\/news\/wp-json\/wp\/v2\/categories?post=69917"},{"taxonomy":"post_tag","embeddable":true,"href":"https:\/\/tvtecjundiai.com.br\/news\/wp-json\/wp\/v2\/tags?post=69917"}],"curies":[{"name":"wp","href":"https:\/\/api.w.org\/{rel}","templated":true}]}}